{"id":25517,"date":"2025-09-24T15:59:40","date_gmt":"2025-09-24T21:59:40","guid":{"rendered":"https:\/\/zonalimitrofe-cbnr.com\/?p=25517"},"modified":"2025-09-24T15:59:40","modified_gmt":"2025-09-24T21:59:40","slug":"lerdo-realizan-acciones-de-bacheo-en-la-loma","status":"publish","type":"post","link":"https:\/\/zonalimitrofe-cbnr.com\/index.php\/2025\/09\/24\/lerdo-realizan-acciones-de-bacheo-en-la-loma\/","title":{"rendered":"#Lerdo. REALIZAN ACCIONES DE BACHEO EN LA LOMA*"},"content":{"rendered":"\n<p>Lerdo, 24 de septiembre 2025.- Por instrucciones de la Presidenta Municipal Susy Carolina Torrecillas Salazar, el departamento de Bacheo de la direcci\u00f3n de Servicios P\u00fablicos inici\u00f3 trabajos de mantenimiento en Villa La Loma, con motivo del pr\u00f3ximo aniversario de la conformaci\u00f3n de la Divisi\u00f3n del Norte durante la Revoluci\u00f3n Mexicana.<\/p>\n\n\n\n<p>Jorge Silva, director de Servicios P\u00fablicos, inform\u00f3 que la Presidenta Municipal encomend\u00f3 a las \u00e1reas de Bacheo y Limpieza atender la comunidad de La Goma y la Villa de La Loma, ambas sedes de esta conmemoraci\u00f3n, que contar\u00e1 con actos c\u00edvicos y una cabalgata para recordar el recorrido de Francisco Villa hacia la Hacienda La Loma.<\/p>\n\n\n\n<p>Detall\u00f3 que las actividades comenzaron con el mantenimiento de la calle principal de la Villa La Loma, y en los pr\u00f3ximos d\u00edas se realizar\u00e1n labores de limpieza y rehabilitaci\u00f3n de espacios p\u00fablicos.<\/p>\n\n\n\n<p>Finalmente, Jorge Silva se\u00f1al\u00f3 que tambi\u00e9n se han atendido otros sectores del municipio con jornadas de bacheo en las calles Miguel Hidalgo y Matamoros, de la zona Centro, as\u00ed como en las colonias San Jos\u00e9, 5 de Mayo, Villa Jard\u00edn, Las Brisas y Villa de Las Flores. Adem\u00e1s, se llev\u00f3 a cabo la instalaci\u00f3n de reductores de velocidad en la colonia Cipreses.<\/p>\n","protected":false},"excerpt":{"rendered":"<p>Lerdo, 24 de septiembre 2025.- Por instrucciones de la Presidenta Municipal Susy Carolina Torrecillas Salazar, el departamento de Bacheo de la direcci\u00f3n de Servicios P\u00fablicos inici\u00f3 trabajos de mantenimiento en Villa La Loma, con motivo del pr\u00f3ximo aniversario de la conformaci\u00f3n de la Divisi\u00f3n del Norte durante la Revoluci\u00f3n Mexicana. Jorge Silva, director de Servicios [&hellip;]<\/p>\n","protected":false},"author":1,"featured_media":25518,"comment_status":"open","ping_status":"open","sticky":false,"template":"","format":"standard","meta":{"_monsterinsights_skip_tracking":false,"_monsterinsights_sitenote_active":false,"_monsterinsights_sitenote_note":"","_monsterinsights_sitenote_category":0,"footnotes":""},"categories":[1],"tags":[],"_links":{"self":[{"href":"https:\/\/zonalimitrofe-cbnr.com\/index.php\/wp-json\/wp\/v2\/posts\/25517"}],"collection":[{"href":"https:\/\/zonalimitrofe-cbnr.com\/index.php\/wp-json\/wp\/v2\/posts"}],"about":[{"href":"https:\/\/zonalimitrofe-cbnr.com\/index.php\/wp-json\/wp\/v2\/types\/post"}],"author":[{"embeddable":true,"href":"https:\/\/zonalimitrofe-cbnr.com\/index.php\/wp-json\/wp\/v2\/users\/1"}],"replies":[{"embeddable":true,"href":"https:\/\/zonalimitrofe-cbnr.com\/index.php\/wp-json\/wp\/v2\/comments?post=25517"}],"version-history":[{"count":1,"href":"https:\/\/zonalimitrofe-cbnr.com\/index.php\/wp-json\/wp\/v2\/posts\/25517\/revisions"}],"predecessor-version":[{"id":25519,"href":"https:\/\/zonalimitrofe-cbnr.com\/index.php\/wp-json\/wp\/v2\/posts\/25517\/revisions\/25519"}],"wp:featuredmedia":[{"embeddable":true,"href":"https:\/\/zonalimitrofe-cbnr.com\/index.php\/wp-json\/wp\/v2\/media\/25518"}],"wp:attachment":[{"href":"https:\/\/zonalimitrofe-cbnr.com\/index.php\/wp-json\/wp\/v2\/media?parent=25517"}],"wp:term":[{"taxonomy":"category","embeddable":true,"href":"https:\/\/zonalimitrofe-cbnr.com\/index.php\/wp-json\/wp\/v2\/categories?post=25517"},{"taxonomy":"post_tag","embeddable":true,"href":"https:\/\/zonalimitrofe-cbnr.com\/index.php\/wp-json\/wp\/v2\/tags?post=25517"}],"curies":[{"name":"wp","href":"https:\/\/api.w.org\/{rel}","templated":true}]}}