{"id":25486,"date":"2025-09-23T22:52:38","date_gmt":"2025-09-24T04:52:38","guid":{"rendered":"https:\/\/zonalimitrofe-cbnr.com\/?p=25486"},"modified":"2025-09-23T22:53:38","modified_gmt":"2025-09-24T04:53:38","slug":"uadec-ofrece-historiadora-patricia-galeana-conferencia-magistral-archivos-y-memoria-historica","status":"publish","type":"post","link":"https:\/\/zonalimitrofe-cbnr.com\/index.php\/2025\/09\/23\/uadec-ofrece-historiadora-patricia-galeana-conferencia-magistral-archivos-y-memoria-historica\/","title":{"rendered":"#IEC. Ofrece historiadora Patricia Galeana Conferencia Magistral \u201cArchivos y memoria hist\u00f3rica\u201d"},"content":{"rendered":"\n<p>En el marco del D\u00eda del Historiador y la Historiadora, este martes 23 de septiembre se llev\u00f3 a cabo la Conferencia Magistral \u201cArchivos y memoria hist\u00f3rica\u201d, la cual fue impartida por la reconocida historiadora Patricia Galeana en el Instituto Electoral de Coahuila (IEC).<\/p>\n\n\n\n<p>El evento fue organizado por el IEC en coordinaci\u00f3n con la Facultad de Ciencias Sociales de la Universidad Aut\u00f3noma de Coahuila (UAdeC), el Archivo General del Estado y el Centro Cultural Vito Alessio Robles con el objetivo de inspirar a estudiantes, investigadores y p\u00fablico en general, fomentando la reflexi\u00f3n sobre la importancia de los archivos en la construcci\u00f3n de nuestra identidad y memoria colectiva.<\/p>\n\n\n\n<p>El evento fue presidido por el Consejero Presidente del IEC e integrante de la Comisi\u00f3n Temporal de Archivos y Gesti\u00f3n Documental, \u00d3scar Daniel Rodr\u00edguez Fuentes; Leticia Bravo Ostos, Consejera Electoral y Presidenta de dicha Comisi\u00f3n; Juan Carlos Cisneros Ruiz, Consejero Electoral e integrante de la misma; Machelly Flores Reyna, Directora de la Facultad de Ciencias Sociales de la UAdeC; Iv\u00e1n Vartan Mu\u00f1oz Cotera, Director del Archivo General del Estado; y Pedro Moreno Salazar, Director del Centro Cultural Vito Alessio Robles.<\/p>\n\n\n\n<p>En sus intervenciones, las autoridades el pres\u00eddium coincidieron en destacar el valor de los archivos hist\u00f3ricos, pues son m\u00e1s que simples documentos guardados: representan la memoria colectiva, el testimonio de lo que es la sociedad y c\u00f3mo ha construido su historia. Esto permite aprender del pasado, entender el presente y proyectar el futuro.<\/p>\n\n\n\n<p>Por su parte, la Dra. Galeana dio c\u00e1tedra de los antecedentes hist\u00f3ricos de la documentaci\u00f3n y archivo. Adem\u00e1s, abord\u00f3 el tema de la legislaci\u00f3n en la materia y la riqueza documental del Archivo General de la Naci\u00f3n y del Archivo Hist\u00f3rico Diplom\u00e1tico. Asimismo, abund\u00f3 sobre el derecho a la informaci\u00f3n y la digitalizaci\u00f3n con la finalidad de preservar los documentos originales, y destac\u00f3 los beneficios pol\u00edticos, econ\u00f3micos, sociales y culturales de los archivos.<\/p>\n\n\n\n<p>En el evento tambi\u00e9n se cont\u00f3 con la asistencia del Consejero Electoral Juan Antonio Silva Espinoza; Alberto Isa\u00ed Suarez P\u00e9rez, Presidente de la Asociaci\u00f3n Coahuilense de Archivistas; y alumnado de la Facultad de Ciencias Sociales de la UAdeC.<\/p>\n\n\n\n<p>Y de manera virtual acompa\u00f1aron la conferencia Organismos P\u00fablicos Locales Electorales del pa\u00eds, as\u00ed como Directoras y Directores de los Archivos Municipales del Estado de Coahuila y p\u00fablico en general.<\/p>\n\n\n\n<p>La Conferencia Magistral \u201cArchivos y memoria hist\u00f3rica\u201d estar\u00e1 disponible de manera permanente para toda la comunidad en el canal de YouTube del Instituto Electoral de Coahuila.<\/p>\n","protected":false},"excerpt":{"rendered":"<p>En el marco del D\u00eda del Historiador y la Historiadora, este martes 23 de septiembre se llev\u00f3 a cabo la Conferencia Magistral \u201cArchivos y memoria hist\u00f3rica\u201d, la cual fue impartida por la reconocida historiadora Patricia Galeana en el Instituto Electoral de Coahuila (IEC). El evento fue organizado por el IEC en coordinaci\u00f3n con la Facultad [&hellip;]<\/p>\n","protected":false},"author":1,"featured_media":25487,"comment_status":"open","ping_status":"open","sticky":false,"template":"","format":"standard","meta":{"_monsterinsights_skip_tracking":false,"_monsterinsights_sitenote_active":false,"_monsterinsights_sitenote_note":"","_monsterinsights_sitenote_category":0,"footnotes":""},"categories":[1],"tags":[],"_links":{"self":[{"href":"https:\/\/zonalimitrofe-cbnr.com\/index.php\/wp-json\/wp\/v2\/posts\/25486"}],"collection":[{"href":"https:\/\/zonalimitrofe-cbnr.com\/index.php\/wp-json\/wp\/v2\/posts"}],"about":[{"href":"https:\/\/zonalimitrofe-cbnr.com\/index.php\/wp-json\/wp\/v2\/types\/post"}],"author":[{"embeddable":true,"href":"https:\/\/zonalimitrofe-cbnr.com\/index.php\/wp-json\/wp\/v2\/users\/1"}],"replies":[{"embeddable":true,"href":"https:\/\/zonalimitrofe-cbnr.com\/index.php\/wp-json\/wp\/v2\/comments?post=25486"}],"version-history":[{"count":2,"href":"https:\/\/zonalimitrofe-cbnr.com\/index.php\/wp-json\/wp\/v2\/posts\/25486\/revisions"}],"predecessor-version":[{"id":25489,"href":"https:\/\/zonalimitrofe-cbnr.com\/index.php\/wp-json\/wp\/v2\/posts\/25486\/revisions\/25489"}],"wp:featuredmedia":[{"embeddable":true,"href":"https:\/\/zonalimitrofe-cbnr.com\/index.php\/wp-json\/wp\/v2\/media\/25487"}],"wp:attachment":[{"href":"https:\/\/zonalimitrofe-cbnr.com\/index.php\/wp-json\/wp\/v2\/media?parent=25486"}],"wp:term":[{"taxonomy":"category","embeddable":true,"href":"https:\/\/zonalimitrofe-cbnr.com\/index.php\/wp-json\/wp\/v2\/categories?post=25486"},{"taxonomy":"post_tag","embeddable":true,"href":"https:\/\/zonalimitrofe-cbnr.com\/index.php\/wp-json\/wp\/v2\/tags?post=25486"}],"curies":[{"name":"wp","href":"https:\/\/api.w.org\/{rel}","templated":true}]}}