{"id":25474,"date":"2025-09-23T22:30:18","date_gmt":"2025-09-24T04:30:18","guid":{"rendered":"https:\/\/zonalimitrofe-cbnr.com\/?p=25474"},"modified":"2025-09-23T22:30:18","modified_gmt":"2025-09-24T04:30:18","slug":"coahuila-sede-del-xxiv-congreso-nacional-de-bibliotecas-con-el-tema-salud-mental-y-literatura","status":"publish","type":"post","link":"https:\/\/zonalimitrofe-cbnr.com\/index.php\/2025\/09\/23\/coahuila-sede-del-xxiv-congreso-nacional-de-bibliotecas-con-el-tema-salud-mental-y-literatura\/","title":{"rendered":"#COAHUILA SEDE DEL XXIV CONGRESO NACIONAL DE BIBLIOTECAS CON EL TEMA \u201cSALUD MENTAL Y LITERATURA\u201d"},"content":{"rendered":"\n<p>Saltillo, Coahuila de Zaragoza; a 23 de septiembre de 2025.- Saltillo ser\u00e1 sede del XXIV Congreso Nacional de Bibliotecas, cuyo eje tem\u00e1tico es \u201cLectura, comunidad y salud mental: Innovando en la biblioteca p\u00fablica\u201d a efectuarse los d\u00edas 2 y 3 de octubre, en una iniciativa que reafirma el compromiso con el fomento a la lectura, la cultura y la construcci\u00f3n de comunidades m\u00e1s fuertes a trav\u00e9s de sus bibliotecas.<\/p>\n\n\n\n<p>Es as\u00ed que Coahuila se consolida como uno de los estados m\u00e1s seguros del pa\u00eds, posicion\u00e1ndolo como sede ideal para grandes eventos de car\u00e1cter nacional e internacional asegur\u00f3 Martha Loera Ar\u00e1mbula, Coordinadora General de Bibliotecas, Publicaciones y Librer\u00edas del Estado.<\/p>\n\n\n\n<p>Esta estabilidad ha permitido tambi\u00e9n fortalecer el impulso educativo, con acciones coordinadas entre el Gobierno del Estado, la Secretar\u00eda de Educaci\u00f3n y la Direcci\u00f3n General de Bibliotecas, quienes actualmente trabajan con gran compromiso en temas socioemocionales, reconociendo su importancia en el desarrollo integral de estudiantes, docentes y comunidades escolares, dijo.<\/p>\n\n\n\n<p>La rueda de prensa cont\u00f3 con la representaci\u00f3n de instituciones involucradas en la proyecci\u00f3n del Congreso Nacional como Leticia Rodarte Rangel, directora del Instituto Municipal de Cultura, Manuel L\u00f3pez P\u00e9rez titular de Vinculaci\u00f3n y Enlace de la Secretaria de Turismo, Jorge D\u00e1vila Rangel, coordinador Estatal de Fomento a la Lectura de la Secretar\u00eda de Cultura, as\u00ed como Ra\u00fal Rodarte Leos, director de la Oficina de Convenciones y Visitantes (OCV) de Saltillo, Mario Alberto Dom\u00ednguez Garc\u00eda subdirector de Turismo Municipal adem\u00e1s de la representaci\u00f3n del alcalde Javier D\u00edaz.<\/p>\n\n\n\n<p>Este importante encuentro nacional representa un referente para fortalecer y proyectar el trabajo que realizan las bibliotecas p\u00fablicas, al tiempo que pone sobre la mesa temas prioritarios como la salud mental desde una perspectiva literaria y social.<\/p>\n\n\n\n<p>La Coordinadora General de Bibliotecas, Publicaciones y Librer\u00edas del Estado agreg\u00f3 que este encuentro se busca fortalecer la red nacional de bibliotecas p\u00fablicas y promover la lectura como una herramienta esencial para el bienestar social y la salud mental, con \u00e9nfasis en la innovaci\u00f3n de los espacios bibliotecarios y su papel dentro de la comunidad.<\/p>\n\n\n\n<p>Durante dos d\u00edas, poco m\u00e1s de 400 personas entre especialistas, autoridades escritores, promotores culturales, bibliotecarios y profesionales de diversas disciplinas, participar\u00e1n en conferencias, mesas de di\u00e1logo, talleres y actividades abiertas al p\u00fablico y compartir\u00e1n experiencias, proyectos y estrategias que refuercen la importancia de las bibliotecas como motores de transformaci\u00f3n social.<\/p>\n\n\n\n<p>La elecci\u00f3n de Coahuila como sede del Congreso reafirma el compromiso del estado con el desarrollo cultural, la promoci\u00f3n de la lectura y el bienestar integral de la ciudadan\u00eda. Asimismo, es un impulso para el turismo cultural en la entidad y en su capital, Saltillo, promoviendo espacios de reflexi\u00f3n, intercambio de experiencias y colaboraci\u00f3n entre profesionales del \u00e1mbito bibliotecario, educativo y de la salud.<\/p>\n","protected":false},"excerpt":{"rendered":"<p>Saltillo, Coahuila de Zaragoza; a 23 de septiembre de 2025.- Saltillo ser\u00e1 sede del XXIV Congreso Nacional de Bibliotecas, cuyo eje tem\u00e1tico es \u201cLectura, comunidad y salud mental: Innovando en la biblioteca p\u00fablica\u201d a efectuarse los d\u00edas 2 y 3 de octubre, en una iniciativa que reafirma el compromiso con el fomento a la lectura, [&hellip;]<\/p>\n","protected":false},"author":1,"featured_media":25475,"comment_status":"open","ping_status":"open","sticky":false,"template":"","format":"standard","meta":{"_monsterinsights_skip_tracking":false,"_monsterinsights_sitenote_active":false,"_monsterinsights_sitenote_note":"","_monsterinsights_sitenote_category":0,"footnotes":""},"categories":[1],"tags":[],"_links":{"self":[{"href":"https:\/\/zonalimitrofe-cbnr.com\/index.php\/wp-json\/wp\/v2\/posts\/25474"}],"collection":[{"href":"https:\/\/zonalimitrofe-cbnr.com\/index.php\/wp-json\/wp\/v2\/posts"}],"about":[{"href":"https:\/\/zonalimitrofe-cbnr.com\/index.php\/wp-json\/wp\/v2\/types\/post"}],"author":[{"embeddable":true,"href":"https:\/\/zonalimitrofe-cbnr.com\/index.php\/wp-json\/wp\/v2\/users\/1"}],"replies":[{"embeddable":true,"href":"https:\/\/zonalimitrofe-cbnr.com\/index.php\/wp-json\/wp\/v2\/comments?post=25474"}],"version-history":[{"count":1,"href":"https:\/\/zonalimitrofe-cbnr.com\/index.php\/wp-json\/wp\/v2\/posts\/25474\/revisions"}],"predecessor-version":[{"id":25476,"href":"https:\/\/zonalimitrofe-cbnr.com\/index.php\/wp-json\/wp\/v2\/posts\/25474\/revisions\/25476"}],"wp:featuredmedia":[{"embeddable":true,"href":"https:\/\/zonalimitrofe-cbnr.com\/index.php\/wp-json\/wp\/v2\/media\/25475"}],"wp:attachment":[{"href":"https:\/\/zonalimitrofe-cbnr.com\/index.php\/wp-json\/wp\/v2\/media?parent=25474"}],"wp:term":[{"taxonomy":"category","embeddable":true,"href":"https:\/\/zonalimitrofe-cbnr.com\/index.php\/wp-json\/wp\/v2\/categories?post=25474"},{"taxonomy":"post_tag","embeddable":true,"href":"https:\/\/zonalimitrofe-cbnr.com\/index.php\/wp-json\/wp\/v2\/tags?post=25474"}],"curies":[{"name":"wp","href":"https:\/\/api.w.org\/{rel}","templated":true}]}}