{"id":25468,"date":"2025-09-22T23:13:12","date_gmt":"2025-09-23T05:13:12","guid":{"rendered":"https:\/\/zonalimitrofe-cbnr.com\/?p=25468"},"modified":"2025-09-22T23:13:13","modified_gmt":"2025-09-23T05:13:13","slug":"durango-esteban-y-tono-arrancan-obra-que-dara-agua-24-7-a-mas-de-40-mil-personas-de-ocho-colonias-de-durango","status":"publish","type":"post","link":"https:\/\/zonalimitrofe-cbnr.com\/index.php\/2025\/09\/22\/durango-esteban-y-tono-arrancan-obra-que-dara-agua-24-7-a-mas-de-40-mil-personas-de-ocho-colonias-de-durango\/","title":{"rendered":"#Durango. Esteban y To\u00f1o arrancan obra que dar\u00e1 agua 24\/7 a m\u00e1s de 40 mil personas de ocho colonias de Durango*"},"content":{"rendered":"\n<p>* _Invierten 13 MDP en el Sistema Hidr\u00e1ulico Norponiente para garantizar agua de calidad._<\/p>\n\n\n\n<p>* _Estar\u00e1 listo para inaugurarse el 15 de diciembre._<\/p>\n\n\n\n<p>M\u00e1s de 40 mil personas de ocho colonias de la capital tendr\u00e1n agua potable las 24 horas del d\u00eda y los 365 d\u00edas del a\u00f1o, destac\u00f3 el gobernador Esteban Villegas Villarreal al arrancar, junto al presidente municipal To\u00f1o Ochoa, la construcci\u00f3n del Sistema Hidr\u00e1ulico de la zona norponiente, proyecto que representa una inversi\u00f3n de 13 millones de pesos.<\/p>\n\n\n\n<p>\u201cEste proyecto lo arrancamos To\u00f1o y yo, y el 15 de diciembre lo inauguramos para que las colonias de Villa de Guadalupe, Miguel de la Madrid, La Virgen, Antonio Ram\u00edrez, Bella Vista, Valle Dorado, Gobernadores y Felipe \u00c1ngeles tengan agua en cantidad y calidad\u201d, afirm\u00f3 Villegas Villarreal, al recalcar que esta obra transforma la vida de miles de familias.<\/p>\n\n\n\n<p>Se acab\u00f3 el problema de que el agua llegara solo por una hora; el servicio intermitente afecta la salud, la higiene y las actividades diarias, subray\u00f3 el Gobernador. Record\u00f3 que, junto con la Presa Tunal II y la Planta Potabilizadora, se garantiza el abasto de agua para los pr\u00f3ximos 50 a\u00f1os.<\/p>\n\n\n\n<p>Por su parte, el presidente municipal To\u00f1o Ochoa destac\u00f3 que, trabajando en unidad, los gobiernos cumplen los anhelos de la gente y garantizan agua en cantidad y calidad para el bienestar de las familias. \u201cEste es un gran proyecto h\u00eddrico para el norponiente y un ejemplo claro de que cuando se hacen las cosas en equipo, salen bien\u201d, afirm\u00f3.<\/p>\n\n\n\n<p>La se\u00f1ora Mar\u00eda del Carmen Cabrera Salinas, vecina de la colonia Villa de Guadalupe, coment\u00f3 que tiene m\u00e1s de 20 a\u00f1os viviendo en esta zona y agradeci\u00f3 al Gobernador por el proyecto que les brinda, ya que por a\u00f1os sufrieron escasez de agua y batallaban para abastecerse.<\/p>\n\n\n\n<p>Por su parte, las vecinas Teresa del Carmen Araiza, de la colonia La Virgen, y Elizabeth Morquecho Ram\u00edrez, de la colonia Villa de Guadalupe, coincidieron en que el Gobernador es un hombre que sabe hacer su trabajo y se preocupa por que los ciudadanos cuenten con los servicios necesarios.<\/p>\n\n\n\n<p>La directora de la CAED, Yadira Narv\u00e1ez, destac\u00f3 que el Sistema Hidr\u00e1ulico Norponiente es un proyecto estrat\u00e9gico que garantiza agua potable suficiente y de calidad. Incluye la perforaci\u00f3n y equipamiento de un pozo profundo de 200 metros, que conducir\u00e1 agua al tanque de la colonia La Virgen, as\u00ed como la rehabilitaci\u00f3n de m\u00e1s de 600 metros de red en la colonia Antonio Ram\u00edrez para mejorar la eficiencia y reducir fugas.<\/p>\n\n\n\n<p>Este proyecto es un paso firme hacia el bienestar y la salud de m\u00e1s familias duranguenses, ya que garantiza una fuente de abastecimiento segura; por ello, el agua llegar\u00e1 limpia, suficiente y confiable al norponiente de la ciudad.<\/p>\n","protected":false},"excerpt":{"rendered":"<p>* _Invierten 13 MDP en el Sistema Hidr\u00e1ulico Norponiente para garantizar agua de calidad._ * _Estar\u00e1 listo para inaugurarse el 15 de diciembre._ M\u00e1s de 40 mil personas de ocho colonias de la capital tendr\u00e1n agua potable las 24 horas del d\u00eda y los 365 d\u00edas del a\u00f1o, destac\u00f3 el gobernador Esteban Villegas Villarreal al [&hellip;]<\/p>\n","protected":false},"author":1,"featured_media":25469,"comment_status":"open","ping_status":"open","sticky":false,"template":"","format":"standard","meta":{"_monsterinsights_skip_tracking":false,"_monsterinsights_sitenote_active":false,"_monsterinsights_sitenote_note":"","_monsterinsights_sitenote_category":0,"footnotes":""},"categories":[1],"tags":[],"_links":{"self":[{"href":"https:\/\/zonalimitrofe-cbnr.com\/index.php\/wp-json\/wp\/v2\/posts\/25468"}],"collection":[{"href":"https:\/\/zonalimitrofe-cbnr.com\/index.php\/wp-json\/wp\/v2\/posts"}],"about":[{"href":"https:\/\/zonalimitrofe-cbnr.com\/index.php\/wp-json\/wp\/v2\/types\/post"}],"author":[{"embeddable":true,"href":"https:\/\/zonalimitrofe-cbnr.com\/index.php\/wp-json\/wp\/v2\/users\/1"}],"replies":[{"embeddable":true,"href":"https:\/\/zonalimitrofe-cbnr.com\/index.php\/wp-json\/wp\/v2\/comments?post=25468"}],"version-history":[{"count":1,"href":"https:\/\/zonalimitrofe-cbnr.com\/index.php\/wp-json\/wp\/v2\/posts\/25468\/revisions"}],"predecessor-version":[{"id":25470,"href":"https:\/\/zonalimitrofe-cbnr.com\/index.php\/wp-json\/wp\/v2\/posts\/25468\/revisions\/25470"}],"wp:featuredmedia":[{"embeddable":true,"href":"https:\/\/zonalimitrofe-cbnr.com\/index.php\/wp-json\/wp\/v2\/media\/25469"}],"wp:attachment":[{"href":"https:\/\/zonalimitrofe-cbnr.com\/index.php\/wp-json\/wp\/v2\/media?parent=25468"}],"wp:term":[{"taxonomy":"category","embeddable":true,"href":"https:\/\/zonalimitrofe-cbnr.com\/index.php\/wp-json\/wp\/v2\/categories?post=25468"},{"taxonomy":"post_tag","embeddable":true,"href":"https:\/\/zonalimitrofe-cbnr.com\/index.php\/wp-json\/wp\/v2\/tags?post=25468"}],"curies":[{"name":"wp","href":"https:\/\/api.w.org\/{rel}","templated":true}]}}