{"id":25456,"date":"2025-09-22T22:51:19","date_gmt":"2025-09-23T04:51:19","guid":{"rendered":"https:\/\/zonalimitrofe-cbnr.com\/?p=25456"},"modified":"2025-09-22T22:51:19","modified_gmt":"2025-09-23T04:51:19","slug":"lerdo-se-compromete-susy-torrecillas-a-atender-mejoras-en-mercado-donato-guerra","status":"publish","type":"post","link":"https:\/\/zonalimitrofe-cbnr.com\/index.php\/2025\/09\/22\/lerdo-se-compromete-susy-torrecillas-a-atender-mejoras-en-mercado-donato-guerra\/","title":{"rendered":"#Lerdo. SE COMPROMETE SUSY TORRECILLAS A ATENDER MEJORAS EN MERCADO DONATO GUERRA*"},"content":{"rendered":"\n<p>Lerdo, 22 de septiembre 2025.- Durante el domingo, la Presidenta Municipal Susy Carolina Torrecillas Salazar dio un recorrido por el Mercado Donato Guerra, el m\u00e1s emblem\u00e1tico de la ciudad que data desde 1894. Ah\u00ed convers\u00f3 con los locatarios y ciudadanos que de manera diaria acuden al lugar para comprar productos frescos para la preparaci\u00f3n de sus alimentos.<\/p>\n\n\n\n<p>La Presidenta Municipal escuch\u00f3 las peticiones de los comerciantes, quienes toda su vida se han dedicado a la venta de productos frescos y preparaci\u00f3n de alimentos, que son toda una tradici\u00f3n para las familias que acuden los domingos para degustar de gorditas y el tradicional menudo.<\/p>\n\n\n\n<p>De forma eficaz, la Alcaldesa de Lerdo se comprometi\u00f3 a mejorar la imagen y fachada del centro de abastecimiento. Tambi\u00e9n recibi\u00f3 por parte de los locatarios la solicitud de la sustituci\u00f3n de luminarias al interior del mercado y la aplicaci\u00f3n de pintura en el lugar.<\/p>\n\n\n\n<p>Susy Torrecillas se dio el tiempo de platicar con los ciudadanos, quienes pudieron exponer sus inquietudes y solicitudes. Asimismo, invit\u00f3 a la poblaci\u00f3n a hacer llegar todas sus sugerencias hasta su despacho, ubicado en la planta alta de la Presidencia Municipal.<\/p>\n\n\n\n<p>Cabe se\u00f1alar que el mercado Donato Guerra cuenta en su interior con m\u00e1s de 50 locales comerciales, los cuales en su mayor\u00eda se encuentran de manera activa.<\/p>\n","protected":false},"excerpt":{"rendered":"<p>Lerdo, 22 de septiembre 2025.- Durante el domingo, la Presidenta Municipal Susy Carolina Torrecillas Salazar dio un recorrido por el Mercado Donato Guerra, el m\u00e1s emblem\u00e1tico de la ciudad que data desde 1894. Ah\u00ed convers\u00f3 con los locatarios y ciudadanos que de manera diaria acuden al lugar para comprar productos frescos para la preparaci\u00f3n de [&hellip;]<\/p>\n","protected":false},"author":1,"featured_media":25457,"comment_status":"open","ping_status":"open","sticky":false,"template":"","format":"standard","meta":{"_monsterinsights_skip_tracking":false,"_monsterinsights_sitenote_active":false,"_monsterinsights_sitenote_note":"","_monsterinsights_sitenote_category":0,"footnotes":""},"categories":[1],"tags":[],"_links":{"self":[{"href":"https:\/\/zonalimitrofe-cbnr.com\/index.php\/wp-json\/wp\/v2\/posts\/25456"}],"collection":[{"href":"https:\/\/zonalimitrofe-cbnr.com\/index.php\/wp-json\/wp\/v2\/posts"}],"about":[{"href":"https:\/\/zonalimitrofe-cbnr.com\/index.php\/wp-json\/wp\/v2\/types\/post"}],"author":[{"embeddable":true,"href":"https:\/\/zonalimitrofe-cbnr.com\/index.php\/wp-json\/wp\/v2\/users\/1"}],"replies":[{"embeddable":true,"href":"https:\/\/zonalimitrofe-cbnr.com\/index.php\/wp-json\/wp\/v2\/comments?post=25456"}],"version-history":[{"count":1,"href":"https:\/\/zonalimitrofe-cbnr.com\/index.php\/wp-json\/wp\/v2\/posts\/25456\/revisions"}],"predecessor-version":[{"id":25458,"href":"https:\/\/zonalimitrofe-cbnr.com\/index.php\/wp-json\/wp\/v2\/posts\/25456\/revisions\/25458"}],"wp:featuredmedia":[{"embeddable":true,"href":"https:\/\/zonalimitrofe-cbnr.com\/index.php\/wp-json\/wp\/v2\/media\/25457"}],"wp:attachment":[{"href":"https:\/\/zonalimitrofe-cbnr.com\/index.php\/wp-json\/wp\/v2\/media?parent=25456"}],"wp:term":[{"taxonomy":"category","embeddable":true,"href":"https:\/\/zonalimitrofe-cbnr.com\/index.php\/wp-json\/wp\/v2\/categories?post=25456"},{"taxonomy":"post_tag","embeddable":true,"href":"https:\/\/zonalimitrofe-cbnr.com\/index.php\/wp-json\/wp\/v2\/tags?post=25456"}],"curies":[{"name":"wp","href":"https:\/\/api.w.org\/{rel}","templated":true}]}}