{"id":2543,"date":"2024-03-06T12:34:45","date_gmt":"2024-03-06T18:34:45","guid":{"rendered":"https:\/\/zonalimitrofe-cbnr.com\/?p=2543"},"modified":"2024-03-06T12:34:45","modified_gmt":"2024-03-06T18:34:45","slug":"lerdo-el-instituto-municipal-de-la-mujer-lleva-platicas-en-tema-de-violencia","status":"publish","type":"post","link":"https:\/\/zonalimitrofe-cbnr.com\/index.php\/2024\/03\/06\/lerdo-el-instituto-municipal-de-la-mujer-lleva-platicas-en-tema-de-violencia\/","title":{"rendered":"#Lerdo. El Instituto Municipal de la Mujer lleva platicas en tema de violencia"},"content":{"rendered":"\n<p>En atenci\u00f3n a la salud, la protecci\u00f3n ciudadana, y atendiendo el tema educativo, las pl\u00e1ticas de perspectiva de g\u00e9nero en contra de la violencia y los servicios, contin\u00faan efectu\u00e1ndose en el municipio de Lerdo con fines informativos.<\/p>\n\n\n\n<p>De esta manera, se comunica a la ciudadan\u00eda que, en el marco del d\u00eda internacional de la Mujer, el Instituto se capacita en el tema de \u201cderechos de las mujeres a una vida libre de violencia\u201d, as\u00ed mismo, impartir\u00e1 charlas relacionadas al papel que juega la mujer en la familia y en la sociedad.<\/p>\n\n\n\n<p>La pr\u00f3xima conferencia ser\u00e1 el jueves 07 de marzo, en el 72 Batall\u00f3n de Infanter\u00eda, posteriormente se visitar\u00e1 la constructora Domin, y el viernes 08 la f\u00e1brica de Siete Leguas.<\/p>\n\n\n\n<p>Cabe hacer menci\u00f3n que, durante el d\u00eda de la Mujer a conmemorarse el 08 de marzo, tambi\u00e9n se presentar\u00e1 la obra de teatro \u201cEl Hogar lo hace la Familia\u201d y la campa\u00f1a \u201cAlza la Voz, no est\u00e1s sola\u201d para informar de los servicios que el Instituto brinda de manera gratuita.<\/p>\n\n\n\n<p>Estas acciones est\u00e1n dirigidas a la ciudadan\u00eda lerdense con el firme prop\u00f3sito de atender, prevenir, sancionar y erradicar la violencia de g\u00e9nero en el municipio, y son ajenas a cualquier partido pol\u00edtico.<\/p>\n","protected":false},"excerpt":{"rendered":"<p>En atenci\u00f3n a la salud, la protecci\u00f3n ciudadana, y atendiendo el tema educativo, las pl\u00e1ticas de perspectiva de g\u00e9nero en contra de la violencia y los servicios, contin\u00faan efectu\u00e1ndose en el municipio de Lerdo con fines informativos. De esta manera, se comunica a la ciudadan\u00eda que, en el marco del d\u00eda internacional de la Mujer, [&hellip;]<\/p>\n","protected":false},"author":1,"featured_media":2544,"comment_status":"open","ping_status":"open","sticky":false,"template":"","format":"standard","meta":{"_monsterinsights_skip_tracking":false,"_monsterinsights_sitenote_active":false,"_monsterinsights_sitenote_note":"","_monsterinsights_sitenote_category":0,"footnotes":""},"categories":[1],"tags":[],"_links":{"self":[{"href":"https:\/\/zonalimitrofe-cbnr.com\/index.php\/wp-json\/wp\/v2\/posts\/2543"}],"collection":[{"href":"https:\/\/zonalimitrofe-cbnr.com\/index.php\/wp-json\/wp\/v2\/posts"}],"about":[{"href":"https:\/\/zonalimitrofe-cbnr.com\/index.php\/wp-json\/wp\/v2\/types\/post"}],"author":[{"embeddable":true,"href":"https:\/\/zonalimitrofe-cbnr.com\/index.php\/wp-json\/wp\/v2\/users\/1"}],"replies":[{"embeddable":true,"href":"https:\/\/zonalimitrofe-cbnr.com\/index.php\/wp-json\/wp\/v2\/comments?post=2543"}],"version-history":[{"count":1,"href":"https:\/\/zonalimitrofe-cbnr.com\/index.php\/wp-json\/wp\/v2\/posts\/2543\/revisions"}],"predecessor-version":[{"id":2545,"href":"https:\/\/zonalimitrofe-cbnr.com\/index.php\/wp-json\/wp\/v2\/posts\/2543\/revisions\/2545"}],"wp:featuredmedia":[{"embeddable":true,"href":"https:\/\/zonalimitrofe-cbnr.com\/index.php\/wp-json\/wp\/v2\/media\/2544"}],"wp:attachment":[{"href":"https:\/\/zonalimitrofe-cbnr.com\/index.php\/wp-json\/wp\/v2\/media?parent=2543"}],"wp:term":[{"taxonomy":"category","embeddable":true,"href":"https:\/\/zonalimitrofe-cbnr.com\/index.php\/wp-json\/wp\/v2\/categories?post=2543"},{"taxonomy":"post_tag","embeddable":true,"href":"https:\/\/zonalimitrofe-cbnr.com\/index.php\/wp-json\/wp\/v2\/tags?post=2543"}],"curies":[{"name":"wp","href":"https:\/\/api.w.org\/{rel}","templated":true}]}}