{"id":25417,"date":"2025-09-20T17:23:33","date_gmt":"2025-09-20T23:23:33","guid":{"rendered":"https:\/\/zonalimitrofe-cbnr.com\/?p=25417"},"modified":"2025-09-20T17:23:33","modified_gmt":"2025-09-20T23:23:33","slug":"torreon-demuestra-pri-musculo-en-toma-de-protesta-de-torreon","status":"publish","type":"post","link":"https:\/\/zonalimitrofe-cbnr.com\/index.php\/2025\/09\/20\/torreon-demuestra-pri-musculo-en-toma-de-protesta-de-torreon\/","title":{"rendered":"#Torre\u00f3n. Demuestra PRI m\u00fasculo en toma de protesta de Torre\u00f3n"},"content":{"rendered":"\n<p><em>Asumen Ver\u00f3nica Mart\u00ednez presidencia y Felipe Gonz\u00e1lez secretar\u00eda general ante m\u00e1s de cuatro mil priistas<\/em><\/p>\n\n\n\n<p>Torre\u00f3n, Coahuila, 20 de septiembre del 2025.\u2013 Con una asistencia de m\u00e1s de cuatro mil militantes y simpatizantes, el Partido Revolucionario Institucional demostr\u00f3 fuerza y unidad durante la toma de protesta de Ver\u00f3nica Mart\u00ednez Garc\u00eda como presidenta del Comit\u00e9 Municipal y Felipe Gonz\u00e1lez como secretario general. El evento evidenci\u00f3 la capacidad de movilizaci\u00f3n del tricolor y el respaldo firme a sus liderazgos en la regi\u00f3n.<\/p>\n\n\n\n<p>Durante el acto se reconoci\u00f3 el trabajo del gobernador y primer priista de Coahuila, Manolo Jim\u00e9nez Salinas, cuyo liderazgo ha sido clave para mantener al estado como uno de los m\u00e1s seguros del pa\u00eds, as\u00ed como para consolidar proyectos de desarrollo econ\u00f3mico y social.<\/p>\n\n\n\n<p>La ceremonia reuni\u00f3 a l\u00edderes de sectores, organizaciones, representantes de colonias, estructuras territoriales y fuerzas vivas del partido. Estuvieron presentes figuras destacadas como el alcalde de Torre\u00f3n, Rom\u00e1n Alberto Cepeda Gonz\u00e1lez, quien elogi\u00f3 la visi\u00f3n de Jim\u00e9nez Salinas al frente del estado.<\/p>\n\n\n\n<p>Por su parte, Diego Rodr\u00edguez Canales, secretario de operaci\u00f3n pol\u00edtica del CDE del PRI Coahuila, destac\u00f3 la presencia del gran ej\u00e9rcito priista presente.<\/p>\n\n\n\n<p>\u201cAgradecer la presencia de todos los sectores, a las organizaciones y mandar un mensaje muy claro, Coahuila es el mejor estado para vivir porque tiene un gran gobernador, Manolo Jim\u00e9nez Salinas\u201d.<\/p>\n\n\n\n<p>La toma de protesta del nuevo comit\u00e9 estuvo a cargo de Gabriel Elizondo P\u00e9rez, consejero pol\u00edtico estatal, mientras que la clausura corri\u00f3 por cuenta de Luz Elena Morales N\u00fa\u00f1ez, tambi\u00e9n consejera pol\u00edtica.<\/p>\n\n\n\n<p>En su mensaje, el presidente estatal del PRI, Carlos Robles Loustaunau, reconoci\u00f3 el trabajo del primer priista en el estado.<\/p>\n\n\n\n<p>\u201cQuiero reconocer el liderazgo del gobernador Manolo Jim\u00e9nez. Con visi\u00f3n y resultados ha hecho de nuestro estado un lugar seguro y en mejora continua. Gracias a su liderazgo, la confianza en el PRI crece y el futuro de nuestras familias se fortalece\u201d.<\/p>\n\n\n\n<p>Asimismo, Robles Loustaunau afirm\u00f3 que el PRI Coahuila cuenta con las estructuras m\u00e1s fuertes del pa\u00eds y que Torre\u00f3n es ejemplo claro de organizaci\u00f3n territorial y compromiso con la ciudadan\u00eda.<\/p>\n\n\n\n<p>Finalmente, Ver\u00f3nica Mart\u00ednez Garc\u00eda, nueva presidenta del comit\u00e9 municipal, agradeci\u00f3 la confianza y se comprometi\u00f3 a seguir trabajando cercanamente con la militancia:<\/p>\n\n\n\n<p>\u201cEl PRI de Torre\u00f3n est\u00e1 vivo, fuerte y m\u00e1s listo que nunca. Hoy respaldamos las pol\u00edticas p\u00fablicas con visi\u00f3n del gobierno de nuestro primer priista en el estado, Manolo Jim\u00e9nez. Estamos listos para dar la batalla en 2026\u201d.<\/p>\n\n\n\n<p>La nueva dirigencia asumi\u00f3 el reto con entusiasmo, respaldada por una militancia que, seg\u00fan afirmaron, est\u00e1 organizada, activa y preparada para enfrentar los procesos electorales que se avecinan.<\/p>\n","protected":false},"excerpt":{"rendered":"<p>Asumen Ver\u00f3nica Mart\u00ednez presidencia y Felipe Gonz\u00e1lez secretar\u00eda general ante m\u00e1s de cuatro mil priistas Torre\u00f3n, Coahuila, 20 de septiembre del 2025.\u2013 Con una asistencia de m\u00e1s de cuatro mil militantes y simpatizantes, el Partido Revolucionario Institucional demostr\u00f3 fuerza y unidad durante la toma de protesta de Ver\u00f3nica Mart\u00ednez Garc\u00eda como presidenta del Comit\u00e9 Municipal [&hellip;]<\/p>\n","protected":false},"author":1,"featured_media":25418,"comment_status":"open","ping_status":"open","sticky":false,"template":"","format":"standard","meta":{"_monsterinsights_skip_tracking":false,"_monsterinsights_sitenote_active":false,"_monsterinsights_sitenote_note":"","_monsterinsights_sitenote_category":0,"footnotes":""},"categories":[1],"tags":[],"_links":{"self":[{"href":"https:\/\/zonalimitrofe-cbnr.com\/index.php\/wp-json\/wp\/v2\/posts\/25417"}],"collection":[{"href":"https:\/\/zonalimitrofe-cbnr.com\/index.php\/wp-json\/wp\/v2\/posts"}],"about":[{"href":"https:\/\/zonalimitrofe-cbnr.com\/index.php\/wp-json\/wp\/v2\/types\/post"}],"author":[{"embeddable":true,"href":"https:\/\/zonalimitrofe-cbnr.com\/index.php\/wp-json\/wp\/v2\/users\/1"}],"replies":[{"embeddable":true,"href":"https:\/\/zonalimitrofe-cbnr.com\/index.php\/wp-json\/wp\/v2\/comments?post=25417"}],"version-history":[{"count":1,"href":"https:\/\/zonalimitrofe-cbnr.com\/index.php\/wp-json\/wp\/v2\/posts\/25417\/revisions"}],"predecessor-version":[{"id":25419,"href":"https:\/\/zonalimitrofe-cbnr.com\/index.php\/wp-json\/wp\/v2\/posts\/25417\/revisions\/25419"}],"wp:featuredmedia":[{"embeddable":true,"href":"https:\/\/zonalimitrofe-cbnr.com\/index.php\/wp-json\/wp\/v2\/media\/25418"}],"wp:attachment":[{"href":"https:\/\/zonalimitrofe-cbnr.com\/index.php\/wp-json\/wp\/v2\/media?parent=25417"}],"wp:term":[{"taxonomy":"category","embeddable":true,"href":"https:\/\/zonalimitrofe-cbnr.com\/index.php\/wp-json\/wp\/v2\/categories?post=25417"},{"taxonomy":"post_tag","embeddable":true,"href":"https:\/\/zonalimitrofe-cbnr.com\/index.php\/wp-json\/wp\/v2\/tags?post=25417"}],"curies":[{"name":"wp","href":"https:\/\/api.w.org\/{rel}","templated":true}]}}