{"id":25414,"date":"2025-09-20T17:18:40","date_gmt":"2025-09-20T23:18:40","guid":{"rendered":"https:\/\/zonalimitrofe-cbnr.com\/?p=25414"},"modified":"2025-09-20T17:18:40","modified_gmt":"2025-09-20T23:18:40","slug":"durango-con-esteban-al-frente-alcaldes-se-comprometen-a-trabajar-unidos-por-el-desarrollo-de-durango-en-los-proximos-tres-anos","status":"publish","type":"post","link":"https:\/\/zonalimitrofe-cbnr.com\/index.php\/2025\/09\/20\/durango-con-esteban-al-frente-alcaldes-se-comprometen-a-trabajar-unidos-por-el-desarrollo-de-durango-en-los-proximos-tres-anos\/","title":{"rendered":"#Durango. Con Esteban al frente, alcaldes se comprometen a trabajar unidos por el desarrollo de Durango en los pr\u00f3ximos tres a\u00f1os*"},"content":{"rendered":"\n<ul>\n<li><em>Presidentes municipales reconocen el respaldo del Gobernador y de Marisol para sacar adelante al estado.<\/em><\/li>\n\n\n\n<li><em>Acuerdan trabajar en equipo para atraer inversiones y cumplir las prioridades de cada regi\u00f3n.<\/em><\/li>\n<\/ul>\n\n\n\n<p>\u201cCon la buena coordinaci\u00f3n que tenemos con el gobernador Esteban Villegas Villarreal, a Durango le va a ir muy bien en estos tres a\u00f1os, con nuevas estrategias y proyectos encaminados a un mismo rumbo\u201d, coincidieron presidentas y presidentes municipales de Santiago Papasquiaro, Vicente Guerrero, Guadalupe Victoria, San Juan del R\u00edo y Canatl\u00e1n, durante un encuentro con los equipos de los 39 ayuntamientos y el Gobierno del Estado.<\/p>\n\n\n\n<p>La presidenta de Santiago Papasquiaro, Karen P\u00e9rez Herrera, reiter\u00f3 su reconocimiento al Gobierno del Estado, al se\u00f1alar que es de puertas abiertas y muy comprometido con las gestiones en beneficio de la gente. \u201cAgradezco la pronta respuesta del Gobierno del Estado ante la contingencia en la comunidad La Palestina; el Gobernador y la se\u00f1ora Marisol Rosso han demostrado su compromiso, acompa\u00f1ando a las familias afectadas por la inundaci\u00f3n y acercando apoyos inmediatos, desde salud hasta rehabilitaci\u00f3n de viviendas\u201d, afirm\u00f3.<\/p>\n\n\n\n<p>Por su parte, C\u00e9sar Salas, presidente municipal de Vicente Guerrero, resalt\u00f3 la visi\u00f3n municipalista de Esteban Villegas al expresar que \u201cconoce las necesidades de cada municipio porque ya fue alcalde y ha recorrido los 39 municipios; esa experiencia nos fortalece y nos permite capacitarnos para tomar mejores decisiones. Tenemos bien claro que el objetivo es Durango, dejando de lado los colores; sin duda trabajaremos como equipo para dar las mejores condiciones a los habitantes\u201d.<\/p>\n\n\n\n<p>El presidente municipal de San Juan del R\u00edo, Jos\u00e9 Manuel Gallegos Rangel, destac\u00f3 el respaldo directo de Esteban Villegas al mencionar que \u201cse ve un Gobernador que no distingue colores, que est\u00e1 comprometido con la ciudadan\u00eda y que hace equipo con nosotros; as\u00ed podemos atender prioridades y realizar obras de impacto\u201d.<\/p>\n\n\n\n<p>En el mismo sentido, J. Carmen Fern\u00e1ndez Padilla, alcalde de Guadalupe Victoria, subray\u00f3 que la coordinaci\u00f3n institucional es clave para cumplir con las demandas ciudadanas. \u201cEl Gobernador nos ha acercado a Finanzas y nos da ejemplo de c\u00f3mo trabajar sin distinciones partidistas, con orden y visi\u00f3n a futuro\u201d, puntualiz\u00f3.<\/p>\n\n\n\n<p>\u201cCon el apoyo de la Administraci\u00f3n Estatal, todos trabajamos como un solo equipo, por encima de colores, en favor de la unidad que necesita Durango\u201d, finaliz\u00f3 la alcaldesa de Canatl\u00e1n, Dora Gonz\u00e1lez, al celebrar estos espacios de capacitaci\u00f3n y coordinaci\u00f3n gubernamental.<\/p>\n\n\n\n<p>Con estos encuentros, el Gobierno del Estado y los ayuntamientos consolidan un frente com\u00fan para fortalecer las finanzas, atraer inversiones y garantizar que los proyectos estrat\u00e9gicos lleguen a cada regi\u00f3n, construyendo juntos un Durango con rumbo y mejores oportunidades para todos.<\/p>\n","protected":false},"excerpt":{"rendered":"<p>\u201cCon la buena coordinaci\u00f3n que tenemos con el gobernador Esteban Villegas Villarreal, a Durango le va a ir muy bien en estos tres a\u00f1os, con nuevas estrategias y proyectos encaminados a un mismo rumbo\u201d, coincidieron presidentas y presidentes municipales de Santiago Papasquiaro, Vicente Guerrero, Guadalupe Victoria, San Juan del R\u00edo y Canatl\u00e1n, durante un encuentro [&hellip;]<\/p>\n","protected":false},"author":1,"featured_media":25415,"comment_status":"open","ping_status":"open","sticky":false,"template":"","format":"standard","meta":{"_monsterinsights_skip_tracking":false,"_monsterinsights_sitenote_active":false,"_monsterinsights_sitenote_note":"","_monsterinsights_sitenote_category":0,"footnotes":""},"categories":[1],"tags":[],"_links":{"self":[{"href":"https:\/\/zonalimitrofe-cbnr.com\/index.php\/wp-json\/wp\/v2\/posts\/25414"}],"collection":[{"href":"https:\/\/zonalimitrofe-cbnr.com\/index.php\/wp-json\/wp\/v2\/posts"}],"about":[{"href":"https:\/\/zonalimitrofe-cbnr.com\/index.php\/wp-json\/wp\/v2\/types\/post"}],"author":[{"embeddable":true,"href":"https:\/\/zonalimitrofe-cbnr.com\/index.php\/wp-json\/wp\/v2\/users\/1"}],"replies":[{"embeddable":true,"href":"https:\/\/zonalimitrofe-cbnr.com\/index.php\/wp-json\/wp\/v2\/comments?post=25414"}],"version-history":[{"count":1,"href":"https:\/\/zonalimitrofe-cbnr.com\/index.php\/wp-json\/wp\/v2\/posts\/25414\/revisions"}],"predecessor-version":[{"id":25416,"href":"https:\/\/zonalimitrofe-cbnr.com\/index.php\/wp-json\/wp\/v2\/posts\/25414\/revisions\/25416"}],"wp:featuredmedia":[{"embeddable":true,"href":"https:\/\/zonalimitrofe-cbnr.com\/index.php\/wp-json\/wp\/v2\/media\/25415"}],"wp:attachment":[{"href":"https:\/\/zonalimitrofe-cbnr.com\/index.php\/wp-json\/wp\/v2\/media?parent=25414"}],"wp:term":[{"taxonomy":"category","embeddable":true,"href":"https:\/\/zonalimitrofe-cbnr.com\/index.php\/wp-json\/wp\/v2\/categories?post=25414"},{"taxonomy":"post_tag","embeddable":true,"href":"https:\/\/zonalimitrofe-cbnr.com\/index.php\/wp-json\/wp\/v2\/tags?post=25414"}],"curies":[{"name":"wp","href":"https:\/\/api.w.org\/{rel}","templated":true}]}}