{"id":25391,"date":"2025-09-20T16:40:19","date_gmt":"2025-09-20T22:40:19","guid":{"rendered":"https:\/\/zonalimitrofe-cbnr.com\/?p=25391"},"modified":"2025-09-20T16:40:19","modified_gmt":"2025-09-20T22:40:19","slug":"lerdo-servicios-publicos-realiza-limpieza-en-cam-margarita-maza-de-juarez","status":"publish","type":"post","link":"https:\/\/zonalimitrofe-cbnr.com\/index.php\/2025\/09\/20\/lerdo-servicios-publicos-realiza-limpieza-en-cam-margarita-maza-de-juarez\/","title":{"rendered":"#Lerdo. SERVICIOS P\u00daBLICOS REALIZA LIMPIEZA EN CAM \u2018MARGARITA MAZA DE JU\u00c1REZ\u2019*"},"content":{"rendered":"\n<p>Lerdo, 20 de septiembre 2025.- Atendiendo la indicaci\u00f3n de la Presidenta Municipal Susy Torrecillas Salazar, y manteniendo un contacto directo con los planteles educativos, esta semana se dieron inicio a los trabajos de limpieza en el plantel educativo CAM Margarita Maza de Ju\u00e1rez.<\/p>\n\n\n\n<p>Las acciones consistieron en retiro de escombro, deshierbe, poda y limpieza en general, con el objetivo de generar un entorno saludable y adecuado para los estudiantes de este centro educativo.<\/p>\n\n\n\n<p>El CAM Margarita Maza de Ju\u00e1rez en Lerdo, es un Centro de Atenci\u00f3n M\u00faltiple que brinda servicios educativos a ni\u00f1os y adolescentes con discapacidad o alg\u00fan tipo de trastorno, incluyendo los niveles de Inicial, Preescolar, Primaria y Secundaria.<\/p>\n\n\n\n<p>De manera complementaria, la direcci\u00f3n de Servicios P\u00fablicos tambi\u00e9n realiz\u00f3 labores de limpieza y poda tanto en el interior como en el exterior del Hospital General, en beneficio de trabajadores, pacientes y visitantes de esta instituci\u00f3n de salud.<\/p>\n\n\n\n<p>Las jornadas de limpieza y mantenimiento de espacios p\u00fablicos son un gran compromiso de la Presidenta Municipal Susy Torrecillas, quien ha reiterado que estas acciones forman parte de la estrategia permanente para garantizar espacios dignos, seguros y saludables para la ciudadan\u00eda lerdense.<\/p>\n","protected":false},"excerpt":{"rendered":"<p>Lerdo, 20 de septiembre 2025.- Atendiendo la indicaci\u00f3n de la Presidenta Municipal Susy Torrecillas Salazar, y manteniendo un contacto directo con los planteles educativos, esta semana se dieron inicio a los trabajos de limpieza en el plantel educativo CAM Margarita Maza de Ju\u00e1rez. Las acciones consistieron en retiro de escombro, deshierbe, poda y limpieza en [&hellip;]<\/p>\n","protected":false},"author":1,"featured_media":25392,"comment_status":"open","ping_status":"open","sticky":false,"template":"","format":"standard","meta":{"_monsterinsights_skip_tracking":false,"_monsterinsights_sitenote_active":false,"_monsterinsights_sitenote_note":"","_monsterinsights_sitenote_category":0,"footnotes":""},"categories":[1],"tags":[],"_links":{"self":[{"href":"https:\/\/zonalimitrofe-cbnr.com\/index.php\/wp-json\/wp\/v2\/posts\/25391"}],"collection":[{"href":"https:\/\/zonalimitrofe-cbnr.com\/index.php\/wp-json\/wp\/v2\/posts"}],"about":[{"href":"https:\/\/zonalimitrofe-cbnr.com\/index.php\/wp-json\/wp\/v2\/types\/post"}],"author":[{"embeddable":true,"href":"https:\/\/zonalimitrofe-cbnr.com\/index.php\/wp-json\/wp\/v2\/users\/1"}],"replies":[{"embeddable":true,"href":"https:\/\/zonalimitrofe-cbnr.com\/index.php\/wp-json\/wp\/v2\/comments?post=25391"}],"version-history":[{"count":1,"href":"https:\/\/zonalimitrofe-cbnr.com\/index.php\/wp-json\/wp\/v2\/posts\/25391\/revisions"}],"predecessor-version":[{"id":25393,"href":"https:\/\/zonalimitrofe-cbnr.com\/index.php\/wp-json\/wp\/v2\/posts\/25391\/revisions\/25393"}],"wp:featuredmedia":[{"embeddable":true,"href":"https:\/\/zonalimitrofe-cbnr.com\/index.php\/wp-json\/wp\/v2\/media\/25392"}],"wp:attachment":[{"href":"https:\/\/zonalimitrofe-cbnr.com\/index.php\/wp-json\/wp\/v2\/media?parent=25391"}],"wp:term":[{"taxonomy":"category","embeddable":true,"href":"https:\/\/zonalimitrofe-cbnr.com\/index.php\/wp-json\/wp\/v2\/categories?post=25391"},{"taxonomy":"post_tag","embeddable":true,"href":"https:\/\/zonalimitrofe-cbnr.com\/index.php\/wp-json\/wp\/v2\/tags?post=25391"}],"curies":[{"name":"wp","href":"https:\/\/api.w.org\/{rel}","templated":true}]}}