{"id":25365,"date":"2025-09-19T15:37:10","date_gmt":"2025-09-19T21:37:10","guid":{"rendered":"https:\/\/zonalimitrofe-cbnr.com\/?p=25365"},"modified":"2025-09-19T15:37:10","modified_gmt":"2025-09-19T21:37:10","slug":"durango-esteban-villegas-llama-a-jovenes-que-concluyeron-su-servicio-militar-a-sonar-en-grande-y-ser-ciudadanos-ejemplares","status":"publish","type":"post","link":"https:\/\/zonalimitrofe-cbnr.com\/index.php\/2025\/09\/19\/durango-esteban-villegas-llama-a-jovenes-que-concluyeron-su-servicio-militar-a-sonar-en-grande-y-ser-ciudadanos-ejemplares\/","title":{"rendered":"#Durango. Esteban Villegas llama a j\u00f3venes que concluyeron su servicio militar a so\u00f1ar en grande y ser ciudadanos ejemplares*"},"content":{"rendered":"\n<p>* _Reconoce su esfuerzo y los motiva a perseguir sus metas con constancia._<\/p>\n\n\n\n<p>* _106 j\u00f3venes de Durango y Sinaloa concluyeron 13 semanas de formaci\u00f3n en la Tercera Compa\u00f1\u00eda Regional del Servicio Militar._<\/p>\n\n\n\n<p>\u201cHoy liberan su cartilla m\u00e1s de 100 j\u00f3venes que ser\u00e1n ejemplo para sus familias, sus colonias y para Durango. Sue\u00f1en en grande, no se detengan por el miedo y persigan sus metas con constancia\u201d, expres\u00f3 el gobernador Esteban Villegas Villarreal al reconocer el esfuerzo y entrega de los j\u00f3venes que concluyeron satisfactoriamente su servicio militar en la capital del estado.<\/p>\n\n\n\n<p>Con la presencia del General de Divisi\u00f3n Guillermo Brice\u00f1o Loera, Comandante de la Tercera Regi\u00f3n Militar, y mandos de la D\u00e9cima Zona Militar y Guardia Nacional, se llev\u00f3 a cabo la ceremonia de clausura y entrega de hojas de liberaci\u00f3n al personal de conscriptos encuadrados al Segundo Escal\u00f3n de Adiestramiento 2025.<\/p>\n\n\n\n<p>En representaci\u00f3n de sus compa\u00f1eros, el cabo Bryan Eduardo S\u00e1nchez Tavares destac\u00f3 que el adiestramiento fue una transformaci\u00f3n en lo f\u00edsico, moral y \u00e9tico: \u201cHoy nos sentimos muy orgullosos de formar parte de las Fuerzas Armadas de nuestro pa\u00eds y de haber cumplido con uno de los deberes m\u00e1s honrosos de todo mexicano\u201d, afirm\u00f3.<\/p>\n\n\n\n<p>Por su parte, el capit\u00e1n primero de infanter\u00eda \u00c9der Leiva L\u00f3pez, Comandante de la Tercera Compa\u00f1\u00eda Regional del Servicio Militar, se\u00f1al\u00f3 que durante 13 semanas los conscriptos recibieron una formaci\u00f3n integral en valores, constancia y respeto a los s\u00edmbolos patrios, que marcar\u00e1 un antes y un despu\u00e9s en su desarrollo personal y comunitario.<\/p>\n\n\n\n<p>En la ceremonia tambi\u00e9n estuvieron presentes H\u00e9ctor Vela Valenzuela, Secretario General de Gobierno; Julio C\u00e9sar Maldonado Ledesma, Subdelegado de la Fiscal\u00eda General de la Rep\u00fablica en el Estado; \u00d3scar Galv\u00e1n, Secretario de Seguridad P\u00fablica; Sonia Yadira de la Garza, Fiscal General del Estado; Elisa Guadalupe Ram\u00edrez Romero, Jefa de Estaci\u00f3n del Centro Nacional de Inteligencia en el Estado; Bonifacio Herrera Rivera, Secretario General del Ayuntamiento; Irving Michel Jean Esparza, Secretario T\u00e9cnico de la Mesa de Construcci\u00f3n de Paz y Seguridad de la Secretar\u00eda de Seguridad y Protecci\u00f3n Ciudadana, as\u00ed como el Coronel Polic\u00eda Militar Mauricio Noguez Miranda, Comandante del Quinto Cuerpo de Caballer\u00eda de Defensas Rurales.<br><\/p>\n","protected":false},"excerpt":{"rendered":"<p>* _Reconoce su esfuerzo y los motiva a perseguir sus metas con constancia._ * _106 j\u00f3venes de Durango y Sinaloa concluyeron 13 semanas de formaci\u00f3n en la Tercera Compa\u00f1\u00eda Regional del Servicio Militar._ \u201cHoy liberan su cartilla m\u00e1s de 100 j\u00f3venes que ser\u00e1n ejemplo para sus familias, sus colonias y para Durango. Sue\u00f1en en grande, [&hellip;]<\/p>\n","protected":false},"author":1,"featured_media":25366,"comment_status":"open","ping_status":"open","sticky":false,"template":"","format":"standard","meta":{"_monsterinsights_skip_tracking":false,"_monsterinsights_sitenote_active":false,"_monsterinsights_sitenote_note":"","_monsterinsights_sitenote_category":0,"footnotes":""},"categories":[1],"tags":[],"_links":{"self":[{"href":"https:\/\/zonalimitrofe-cbnr.com\/index.php\/wp-json\/wp\/v2\/posts\/25365"}],"collection":[{"href":"https:\/\/zonalimitrofe-cbnr.com\/index.php\/wp-json\/wp\/v2\/posts"}],"about":[{"href":"https:\/\/zonalimitrofe-cbnr.com\/index.php\/wp-json\/wp\/v2\/types\/post"}],"author":[{"embeddable":true,"href":"https:\/\/zonalimitrofe-cbnr.com\/index.php\/wp-json\/wp\/v2\/users\/1"}],"replies":[{"embeddable":true,"href":"https:\/\/zonalimitrofe-cbnr.com\/index.php\/wp-json\/wp\/v2\/comments?post=25365"}],"version-history":[{"count":1,"href":"https:\/\/zonalimitrofe-cbnr.com\/index.php\/wp-json\/wp\/v2\/posts\/25365\/revisions"}],"predecessor-version":[{"id":25367,"href":"https:\/\/zonalimitrofe-cbnr.com\/index.php\/wp-json\/wp\/v2\/posts\/25365\/revisions\/25367"}],"wp:featuredmedia":[{"embeddable":true,"href":"https:\/\/zonalimitrofe-cbnr.com\/index.php\/wp-json\/wp\/v2\/media\/25366"}],"wp:attachment":[{"href":"https:\/\/zonalimitrofe-cbnr.com\/index.php\/wp-json\/wp\/v2\/media?parent=25365"}],"wp:term":[{"taxonomy":"category","embeddable":true,"href":"https:\/\/zonalimitrofe-cbnr.com\/index.php\/wp-json\/wp\/v2\/categories?post=25365"},{"taxonomy":"post_tag","embeddable":true,"href":"https:\/\/zonalimitrofe-cbnr.com\/index.php\/wp-json\/wp\/v2\/tags?post=25365"}],"curies":[{"name":"wp","href":"https:\/\/api.w.org\/{rel}","templated":true}]}}