{"id":25344,"date":"2025-09-18T21:45:28","date_gmt":"2025-09-19T03:45:28","guid":{"rendered":"https:\/\/zonalimitrofe-cbnr.com\/?p=25344"},"modified":"2025-09-18T21:45:28","modified_gmt":"2025-09-19T03:45:28","slug":"gp-quedaron-instaladas-la-junta-directiva-de-la-expo-gomez-palacio-y-el-consejo-directivo-del-sideapaar","status":"publish","type":"post","link":"https:\/\/zonalimitrofe-cbnr.com\/index.php\/2025\/09\/18\/gp-quedaron-instaladas-la-junta-directiva-de-la-expo-gomez-palacio-y-el-consejo-directivo-del-sideapaar\/","title":{"rendered":"#GP. Quedaron instaladas la Junta Directiva de la Expo G\u00f3mez Palacio y el Consejo Directivo del SIDEAPAAR"},"content":{"rendered":"\n<p>*Alcaldesa Betzab\u00e9 Mart\u00ednez toma protesta a los respectivos directores generales de ambos organismos<br>descentralizados<\/p>\n\n\n\n<p>La presidenta municipal de G\u00f3mez Palacio, Betzab\u00e9 Mart\u00ednez Arango, encabez\u00f3 la instalaci\u00f3n de la Junta<br>Directiva del Organismo P\u00fablico Descentralizado \u201cExpo Feria G\u00f3mez Palacio, Durango\u201d, y tom\u00f3 protesta a<br>Jos\u00e9 Luis Elizalde Garc\u00eda como Director General.<br>Lo anterior, tras cumplir con el protocolo de instalaci\u00f3n y declaraci\u00f3n de inicio de los trabajos de dicha junta,<br>misma que estar\u00e1 en funciones durante tres a\u00f1os a partir de este 2025 y hasta el 2028.<br>Destac\u00f3 la integraci\u00f3n de los representantes de c\u00e1maras y organismos empresariales, entre los que se<br>cuentan Arsenio Alvarado de la CANACO, Pedro Aguirre Mart\u00ednez de CANACINTRA y Eduardo Nieto de<br>CANIRAC, adem\u00e1s de la Asociaci\u00f3n Ganadera Local de Productores de Leche de G\u00f3mez Palacio.<br>La alcaldesa inst\u00f3 a trabajar para que la feria sea una fiesta familiar de la que se sientan orgullosos los<br>gomezpalatinos y agradeci\u00f3 la participaci\u00f3n de los representantes de la Iniciativa Privada, as\u00ed como de los<br>regidores parte de la Junta: Norma Ang\u00e9lica Herrera, V\u00edctor Habib y Diego de la Garza. Cabe mencionar que la<br>Junta Directiva de la Expo Feria lleva a Betzab\u00e9 Mart\u00ednez como Presidenta, al s\u00edndico Juan Gonz\u00e1lez como<br>vicepresidente y al secretario del Ayuntamiento, Aldo Dami\u00e1n Mac\u00edas, como secretario t\u00e9cnico.<br>En la misma jornada de jueves, se celebr\u00f3 la instalaci\u00f3n del Consejo Directivo del Sistema Descentralizado de<br>Agua Potable y Alcantarillada del \u00c1rea Rural (SIDEAPAAR), en la que se someti\u00f3 y aprob\u00f3 por votaci\u00f3n de sus<br>integrantes la propuesta de Hugo Francisco L\u00f3pez Gurrola como Director General.<\/p>\n\n\n\n<p>\u2026<\/p>\n\n\n\n<p>La toma de protesta corri\u00f3 a cargo de la alcaldesa Betzab\u00e9 Mart\u00ednez, mientras que el s\u00edndico Juan Gonz\u00e1lez<br>D\u00edaz fungir\u00e1 como comisario del consejo, como secretario t\u00e9cnico el Director General del SIDEAPAAR, Hugo<br>Francisco L\u00f3pez Gurrola, llevar\u00e1 la responsabilidad y el Secretario del Ayuntamiento, Aldo Dami\u00e1n Mac\u00edas<br>Franco ser\u00e1 Vicepresidente del Consejo.<br>Como vocales del consejo se integran regidores de las diferentes fracciones que integran el Cabildo y se<br>suman representantes de c\u00e1maras y organismos empresariales como el Colegio de Arquitectos, presidido por<br>Mario Alberto Tal\u00e1mas Murra, Pedro Aguirre Mart\u00ednez de CANACINTRA, Marcelo Obeso Anaya de la<br>CANADEVI y Alejandro Jim\u00e9nez Algara de la CMIC, a quienes la Alcaldesa invit\u00f3 a aportar su experiencia y<br>consejo para obtener los mejores resultados en beneficio de la comunidad.<\/p>\n","protected":false},"excerpt":{"rendered":"<p>*Alcaldesa Betzab\u00e9 Mart\u00ednez toma protesta a los respectivos directores generales de ambos organismosdescentralizados La presidenta municipal de G\u00f3mez Palacio, Betzab\u00e9 Mart\u00ednez Arango, encabez\u00f3 la instalaci\u00f3n de la JuntaDirectiva del Organismo P\u00fablico Descentralizado \u201cExpo Feria G\u00f3mez Palacio, Durango\u201d, y tom\u00f3 protesta aJos\u00e9 Luis Elizalde Garc\u00eda como Director General.Lo anterior, tras cumplir con el protocolo de instalaci\u00f3n [&hellip;]<\/p>\n","protected":false},"author":1,"featured_media":25345,"comment_status":"open","ping_status":"open","sticky":false,"template":"","format":"standard","meta":{"_monsterinsights_skip_tracking":false,"_monsterinsights_sitenote_active":false,"_monsterinsights_sitenote_note":"","_monsterinsights_sitenote_category":0,"footnotes":""},"categories":[1],"tags":[],"_links":{"self":[{"href":"https:\/\/zonalimitrofe-cbnr.com\/index.php\/wp-json\/wp\/v2\/posts\/25344"}],"collection":[{"href":"https:\/\/zonalimitrofe-cbnr.com\/index.php\/wp-json\/wp\/v2\/posts"}],"about":[{"href":"https:\/\/zonalimitrofe-cbnr.com\/index.php\/wp-json\/wp\/v2\/types\/post"}],"author":[{"embeddable":true,"href":"https:\/\/zonalimitrofe-cbnr.com\/index.php\/wp-json\/wp\/v2\/users\/1"}],"replies":[{"embeddable":true,"href":"https:\/\/zonalimitrofe-cbnr.com\/index.php\/wp-json\/wp\/v2\/comments?post=25344"}],"version-history":[{"count":1,"href":"https:\/\/zonalimitrofe-cbnr.com\/index.php\/wp-json\/wp\/v2\/posts\/25344\/revisions"}],"predecessor-version":[{"id":25346,"href":"https:\/\/zonalimitrofe-cbnr.com\/index.php\/wp-json\/wp\/v2\/posts\/25344\/revisions\/25346"}],"wp:featuredmedia":[{"embeddable":true,"href":"https:\/\/zonalimitrofe-cbnr.com\/index.php\/wp-json\/wp\/v2\/media\/25345"}],"wp:attachment":[{"href":"https:\/\/zonalimitrofe-cbnr.com\/index.php\/wp-json\/wp\/v2\/media?parent=25344"}],"wp:term":[{"taxonomy":"category","embeddable":true,"href":"https:\/\/zonalimitrofe-cbnr.com\/index.php\/wp-json\/wp\/v2\/categories?post=25344"},{"taxonomy":"post_tag","embeddable":true,"href":"https:\/\/zonalimitrofe-cbnr.com\/index.php\/wp-json\/wp\/v2\/tags?post=25344"}],"curies":[{"name":"wp","href":"https:\/\/api.w.org\/{rel}","templated":true}]}}