{"id":25335,"date":"2025-09-18T16:09:00","date_gmt":"2025-09-18T22:09:00","guid":{"rendered":"https:\/\/zonalimitrofe-cbnr.com\/?p=25335"},"modified":"2025-09-18T16:09:00","modified_gmt":"2025-09-18T22:09:00","slug":"coahuila-rueda-camina-trota-o-corre-por-la-inclusion-en-coahuila","status":"publish","type":"post","link":"https:\/\/zonalimitrofe-cbnr.com\/index.php\/2025\/09\/18\/coahuila-rueda-camina-trota-o-corre-por-la-inclusion-en-coahuila\/","title":{"rendered":"#Coahuila. RUEDA, CAMINA, TROTA O CORRE POR LA INCLUSI\u00d3N EN COAHUILA"},"content":{"rendered":"\n<ul>\n<li>Este domingo, en la ruta recreativa, cada paso cuenta para construir un Coahuila m\u00e1s incluyente<\/li>\n<\/ul>\n\n\n\n<p>Saltillo, Coahuila de Zaragoza; 18 de septiembre de 2025.- \u00a1La inclusi\u00f3n se vive en movimiento! La Secretar\u00eda de Inclusi\u00f3n y Desarrollo Social, en conjunto con el DIF Coahuila, invita a todas y todos a sumarse a la sexta edici\u00f3n de la carrera 5K \u201cYo por la Inclusi\u00f3n: rueda, camina, trota o corre\u201d, este domingo 21 de septiembre a las 7:30 de la ma\u00f1ana, teniendo como punto de reuni\u00f3n el Tec Saltillo.<\/p>\n\n\n\n<p>Este evento no es competitivo, sino una experiencia pensada para disfrutar, reflexionar y sensibilizar sobre los desaf\u00edos que enfrentan grupos hist\u00f3ricamente discriminados, al mismo tiempo que fomenta la salud, la convivencia y la unidad comunitaria.<\/p>\n\n\n\n<p>La invitaci\u00f3n es abierta para personas de todas las edades y condiciones. Lo importante es estar presentes, porque cada paso que damos juntos fortalece el mensaje de respeto, solidaridad e inclusi\u00f3n. \u00a1No importa si ruedas, caminas, trotas o corres, lo esencial es participar!<\/p>\n\n\n\n<p>El calentamiento iniciar\u00e1 a las 7:30 de la ma\u00f1ana, por lo que se recomienda llegar con anticipaci\u00f3n para arrancar con energ\u00eda y disfrutar plenamente de esta fiesta deportiva y social. Adem\u00e1s, quienes adquieran su boleto recibir\u00e1n playera, n\u00famero, medalla y kit de recuperaci\u00f3n, y autom\u00e1ticamente participar\u00e1n en la rifa de bicicletas el\u00e9ctricas y otras sorpresas.<\/p>\n\n\n\n<p>La cuota de recuperaci\u00f3n es de $200 pesos e incluye convocatoria en braille y servicio de interpretaci\u00f3n en Lengua de Se\u00f1as Mexicana, garantizando un entorno verdaderamente incluyente para todas y todos. Los kits se entregar\u00e1n el s\u00e1bado 20 de septiembre, en un horario de 10:00 de la ma\u00f1ana a 2:00 de la tarde, en la calle Cuauht\u00e9moc #349, zona centro en Saltillo.<\/p>\n\n\n\n<p>Las inscripciones est\u00e1n abiertas en chronosport.mx y tambi\u00e9n se brinda apoyo en los tel\u00e9fonos 844 430 81 45 y 844 430 81 46. Ven en familia, con amistades o de manera individual, pero no te quedes fuera de esta experiencia. \u00a1La 5K por la inclusi\u00f3n es un recordatorio de que cuando nos unimos, avanzamos m\u00e1s lejos y construimos un Coahuila m\u00e1s justo y solidario!<\/p>\n","protected":false},"excerpt":{"rendered":"<p>Saltillo, Coahuila de Zaragoza; 18 de septiembre de 2025.- \u00a1La inclusi\u00f3n se vive en movimiento! La Secretar\u00eda de Inclusi\u00f3n y Desarrollo Social, en conjunto con el DIF Coahuila, invita a todas y todos a sumarse a la sexta edici\u00f3n de la carrera 5K \u201cYo por la Inclusi\u00f3n: rueda, camina, trota o corre\u201d, este domingo 21 [&hellip;]<\/p>\n","protected":false},"author":1,"featured_media":25336,"comment_status":"open","ping_status":"open","sticky":false,"template":"","format":"standard","meta":{"_monsterinsights_skip_tracking":false,"_monsterinsights_sitenote_active":false,"_monsterinsights_sitenote_note":"","_monsterinsights_sitenote_category":0,"footnotes":""},"categories":[1],"tags":[],"_links":{"self":[{"href":"https:\/\/zonalimitrofe-cbnr.com\/index.php\/wp-json\/wp\/v2\/posts\/25335"}],"collection":[{"href":"https:\/\/zonalimitrofe-cbnr.com\/index.php\/wp-json\/wp\/v2\/posts"}],"about":[{"href":"https:\/\/zonalimitrofe-cbnr.com\/index.php\/wp-json\/wp\/v2\/types\/post"}],"author":[{"embeddable":true,"href":"https:\/\/zonalimitrofe-cbnr.com\/index.php\/wp-json\/wp\/v2\/users\/1"}],"replies":[{"embeddable":true,"href":"https:\/\/zonalimitrofe-cbnr.com\/index.php\/wp-json\/wp\/v2\/comments?post=25335"}],"version-history":[{"count":1,"href":"https:\/\/zonalimitrofe-cbnr.com\/index.php\/wp-json\/wp\/v2\/posts\/25335\/revisions"}],"predecessor-version":[{"id":25337,"href":"https:\/\/zonalimitrofe-cbnr.com\/index.php\/wp-json\/wp\/v2\/posts\/25335\/revisions\/25337"}],"wp:featuredmedia":[{"embeddable":true,"href":"https:\/\/zonalimitrofe-cbnr.com\/index.php\/wp-json\/wp\/v2\/media\/25336"}],"wp:attachment":[{"href":"https:\/\/zonalimitrofe-cbnr.com\/index.php\/wp-json\/wp\/v2\/media?parent=25335"}],"wp:term":[{"taxonomy":"category","embeddable":true,"href":"https:\/\/zonalimitrofe-cbnr.com\/index.php\/wp-json\/wp\/v2\/categories?post=25335"},{"taxonomy":"post_tag","embeddable":true,"href":"https:\/\/zonalimitrofe-cbnr.com\/index.php\/wp-json\/wp\/v2\/tags?post=25335"}],"curies":[{"name":"wp","href":"https:\/\/api.w.org\/{rel}","templated":true}]}}