{"id":25329,"date":"2025-09-18T16:03:46","date_gmt":"2025-09-18T22:03:46","guid":{"rendered":"https:\/\/zonalimitrofe-cbnr.com\/?p=25329"},"modified":"2025-09-18T16:03:46","modified_gmt":"2025-09-18T22:03:46","slug":"gp-impulsa-betzabe-martinez-capacitacion-de-negocios-locales-en-uso-de-ia","status":"publish","type":"post","link":"https:\/\/zonalimitrofe-cbnr.com\/index.php\/2025\/09\/18\/gp-impulsa-betzabe-martinez-capacitacion-de-negocios-locales-en-uso-de-ia\/","title":{"rendered":"#GP. Impulsa Betzab\u00e9 Mart\u00ednez capacitaci\u00f3n de negocios locales en uso de IA"},"content":{"rendered":"\n<p>*Suman fuerzas la Direcci\u00f3n de Desarrollo Econ\u00f3mico de G\u00f3mez Palacio y la Fundaci\u00f3n E<\/p>\n\n\n\n<p>Con el prop\u00f3sito de facilitar el acceso a la inteligencia artificial, impulsar la inclusi\u00f3n digital y fortalecer el uso<br>estrat\u00e9gico de herramientas tecnol\u00f3gicas para acelerar procesos de venta y consolidaci\u00f3n en negocios locales,<br>el Ayuntamiento de G\u00f3mez Palacio, a trav\u00e9s de la direcci\u00f3n de Desarrollo Econ\u00f3mico invita al Curso programa<br>\u201cIA Generativa: Potencializando el Marketing de Pymes y Emprendedores\u201d.<\/p>\n\n\n\n<p>La capacitaci\u00f3n se ofrecer\u00e1 por Fundaci\u00f3n E, organizaci\u00f3n social dedicada a vincular talento con oportunidades<br>para el desarrollo econ\u00f3mico y social, la cual cuenta con el respaldo de META, corporativo que agrupa Facebook,<br>Instagram, WhatsApp y Messenger.<\/p>\n\n\n\n<p>Gabriela Alejandra M\u00e1rquez Alvarado, directora de Desarrollo Econ\u00f3mico inform\u00f3 que por gestiones de la<br>Alcaldesa Betzab\u00e9 Mart\u00ednez Arango, el curso se ofrecer\u00e1 de manera gratuita este viernes 19 de septiembre, en<br>horario de 10:00 a 13:00 horas en el Centro de Convenciones de la Expo Feria de G\u00f3mez Palacio, consolidando<br>as\u00ed el compromiso del municipio con la formaci\u00f3n de habilidades digitales que impulsen el desarrollo personal y<br>profesional de la ciudadan\u00eda.<\/p>\n\n\n\n<p>\u2026<\/p>\n\n\n\n<p>Contenido del taller:<\/p>\n\n\n\n<ul>\n<li>El ABC del Marketing Digital<\/li>\n\n\n\n<li>Pixel de Meta<\/li>\n\n\n\n<li>Meta Business Suite<\/li>\n\n\n\n<li>WhatsApp Business<\/li>\n\n\n\n<li>Meta Advantage +<\/li>\n\n\n\n<li>Las bases del contenido creativo<\/li>\n\n\n\n<li>Instagram Reels<\/li>\n\n\n\n<li>Meta AI<\/li>\n\n\n\n<li>Acelerar Negocios con la Inteligencia Artificial Generativa<\/li>\n<\/ul>\n\n\n\n<p>La funcionaria destac\u00f3 que este esfuerzo posiciona a G\u00f3mez Palacio como un punto clave en la formaci\u00f3n<br>tecnol\u00f3gica a nivel nacional, facilitando el acceso a herramientas innovadoras en materia de inteligencia artificial<br>para j\u00f3venes, emprendedores y ciudadan\u00eda en general.<\/p>\n\n\n\n<p>El Ayuntamiento encabezado por l Presidenta Betzab\u00e9 Mart\u00ednez refrenda su compromiso por la promoci\u00f3n de la<br>transformaci\u00f3n digital, coordinando esfuerzos que impulsen el ecosistema emprendedor local y contribuyan a<br>generar un impacto en la vida productiva de la poblaci\u00f3n.<\/p>\n","protected":false},"excerpt":{"rendered":"<p>*Suman fuerzas la Direcci\u00f3n de Desarrollo Econ\u00f3mico de G\u00f3mez Palacio y la Fundaci\u00f3n E Con el prop\u00f3sito de facilitar el acceso a la inteligencia artificial, impulsar la inclusi\u00f3n digital y fortalecer el usoestrat\u00e9gico de herramientas tecnol\u00f3gicas para acelerar procesos de venta y consolidaci\u00f3n en negocios locales,el Ayuntamiento de G\u00f3mez Palacio, a trav\u00e9s de la direcci\u00f3n [&hellip;]<\/p>\n","protected":false},"author":1,"featured_media":25330,"comment_status":"open","ping_status":"open","sticky":false,"template":"","format":"standard","meta":{"_monsterinsights_skip_tracking":false,"_monsterinsights_sitenote_active":false,"_monsterinsights_sitenote_note":"","_monsterinsights_sitenote_category":0,"footnotes":""},"categories":[1],"tags":[],"_links":{"self":[{"href":"https:\/\/zonalimitrofe-cbnr.com\/index.php\/wp-json\/wp\/v2\/posts\/25329"}],"collection":[{"href":"https:\/\/zonalimitrofe-cbnr.com\/index.php\/wp-json\/wp\/v2\/posts"}],"about":[{"href":"https:\/\/zonalimitrofe-cbnr.com\/index.php\/wp-json\/wp\/v2\/types\/post"}],"author":[{"embeddable":true,"href":"https:\/\/zonalimitrofe-cbnr.com\/index.php\/wp-json\/wp\/v2\/users\/1"}],"replies":[{"embeddable":true,"href":"https:\/\/zonalimitrofe-cbnr.com\/index.php\/wp-json\/wp\/v2\/comments?post=25329"}],"version-history":[{"count":1,"href":"https:\/\/zonalimitrofe-cbnr.com\/index.php\/wp-json\/wp\/v2\/posts\/25329\/revisions"}],"predecessor-version":[{"id":25331,"href":"https:\/\/zonalimitrofe-cbnr.com\/index.php\/wp-json\/wp\/v2\/posts\/25329\/revisions\/25331"}],"wp:featuredmedia":[{"embeddable":true,"href":"https:\/\/zonalimitrofe-cbnr.com\/index.php\/wp-json\/wp\/v2\/media\/25330"}],"wp:attachment":[{"href":"https:\/\/zonalimitrofe-cbnr.com\/index.php\/wp-json\/wp\/v2\/media?parent=25329"}],"wp:term":[{"taxonomy":"category","embeddable":true,"href":"https:\/\/zonalimitrofe-cbnr.com\/index.php\/wp-json\/wp\/v2\/categories?post=25329"},{"taxonomy":"post_tag","embeddable":true,"href":"https:\/\/zonalimitrofe-cbnr.com\/index.php\/wp-json\/wp\/v2\/tags?post=25329"}],"curies":[{"name":"wp","href":"https:\/\/api.w.org\/{rel}","templated":true}]}}