{"id":25305,"date":"2025-09-18T14:11:29","date_gmt":"2025-09-18T20:11:29","guid":{"rendered":"https:\/\/zonalimitrofe-cbnr.com\/?p=25305"},"modified":"2025-09-18T14:11:30","modified_gmt":"2025-09-18T20:11:30","slug":"lerdo-se-integran-regidores-a-comisiones-del-ayuntamiento-en-lerdo","status":"publish","type":"post","link":"https:\/\/zonalimitrofe-cbnr.com\/index.php\/2025\/09\/18\/lerdo-se-integran-regidores-a-comisiones-del-ayuntamiento-en-lerdo\/","title":{"rendered":"#Lerdo. SE INTEGRAN REGIDORES A COMISIONES DEL AYUNTAMIENTO EN LERDO*"},"content":{"rendered":"\n<p>Lerdo, 18 de septiembre 2025.- Este jueves se llev\u00f3 a cabo la Sesi\u00f3n Ordinaria de Cabildo Acta N\u00famero 3, efectuada en el lobby del Teatro Hermila Galindo, donde se integraron las diferentes comisiones del H. Cabildo.<\/p>\n\n\n\n<p>Como parte de la orden del d\u00eda fueron aprobadas por unanimidad las actas de las sesiones ordinarias de cabildo n\u00famero 001 y 002, como la sesi\u00f3n extraordinaria de cabildo n\u00famero 001.<\/p>\n\n\n\n<p>En el punto 5.1, Correspondencia Recibida, se dio lectura a tres oficios, presentando ante el pleno los coordinadores de la bancada de cada partido pol\u00edtico quedando de la siguiente manera: Partido Revolucionario Institucional (PRI) Olivia Ivonne Guti\u00e9rrez Garc\u00eda; por parte del Partido Acci\u00f3n Nacional (PAN) \u00c1ngel Francisco Luna Puente; Fracci\u00f3n de Morena, a cargo de Loruama Rivera G\u00f3mez.<\/p>\n\n\n\n<p>En el punto 6 de la orden del d\u00eda, se autoriz\u00f3 la integraci\u00f3n de las comisiones de Gobernaci\u00f3n, Hacienda, Obras P\u00fablicas, Salud, Protecci\u00f3n Civil, Capacidades Diferentes, Desarrollo Rural, Desarrollo Social, Adultos Mayores, Seguridad P\u00fablica, Alcoholes, Servicios P\u00fablicos, Desarrollo Econ\u00f3mico, Educaci\u00f3n, Ecolog\u00eda y Medio Ambiente, De la Mujer, Equidad y G\u00e9nero, Catastro, Atenci\u00f3n Ciudadana, Asuntos Comunidad Juvenil, Vialidad, Deportes, Arte y Cultura, conforme a lo establecido en los art\u00edculos 73, 74 y 75.<\/p>\n\n\n\n<p>En el punto n\u00famero 8, dentro del Plan Municipal de Desarrollo 2025-2028, se puso a consideraci\u00f3n de los integrantes del \u00d3rgano Colegiado, la creaci\u00f3n del Consejo Municipal de Atenci\u00f3n a \u2018Seres Sintientes\u2019 y, a su vez, el cambio de nombre de la perrera municipal por \u201cAlbergue Municipal de Seres Sintientes\u201d, siendo votado a favor por unanimidad.<\/p>\n\n\n\n<p>En Asuntos Generales, regidores agradecieron a la Presidenta Municipal Susy Carolina Torrecillas Salazar por la designaci\u00f3n de las comisiones de acuerdo a las capacidades, habilidades y experiencia de cada uno de los ediles<\/p>\n","protected":false},"excerpt":{"rendered":"<p>Lerdo, 18 de septiembre 2025.- Este jueves se llev\u00f3 a cabo la Sesi\u00f3n Ordinaria de Cabildo Acta N\u00famero 3, efectuada en el lobby del Teatro Hermila Galindo, donde se integraron las diferentes comisiones del H. Cabildo. Como parte de la orden del d\u00eda fueron aprobadas por unanimidad las actas de las sesiones ordinarias de cabildo [&hellip;]<\/p>\n","protected":false},"author":1,"featured_media":25306,"comment_status":"open","ping_status":"open","sticky":false,"template":"","format":"standard","meta":{"_monsterinsights_skip_tracking":false,"_monsterinsights_sitenote_active":false,"_monsterinsights_sitenote_note":"","_monsterinsights_sitenote_category":0,"footnotes":""},"categories":[1],"tags":[],"_links":{"self":[{"href":"https:\/\/zonalimitrofe-cbnr.com\/index.php\/wp-json\/wp\/v2\/posts\/25305"}],"collection":[{"href":"https:\/\/zonalimitrofe-cbnr.com\/index.php\/wp-json\/wp\/v2\/posts"}],"about":[{"href":"https:\/\/zonalimitrofe-cbnr.com\/index.php\/wp-json\/wp\/v2\/types\/post"}],"author":[{"embeddable":true,"href":"https:\/\/zonalimitrofe-cbnr.com\/index.php\/wp-json\/wp\/v2\/users\/1"}],"replies":[{"embeddable":true,"href":"https:\/\/zonalimitrofe-cbnr.com\/index.php\/wp-json\/wp\/v2\/comments?post=25305"}],"version-history":[{"count":1,"href":"https:\/\/zonalimitrofe-cbnr.com\/index.php\/wp-json\/wp\/v2\/posts\/25305\/revisions"}],"predecessor-version":[{"id":25307,"href":"https:\/\/zonalimitrofe-cbnr.com\/index.php\/wp-json\/wp\/v2\/posts\/25305\/revisions\/25307"}],"wp:featuredmedia":[{"embeddable":true,"href":"https:\/\/zonalimitrofe-cbnr.com\/index.php\/wp-json\/wp\/v2\/media\/25306"}],"wp:attachment":[{"href":"https:\/\/zonalimitrofe-cbnr.com\/index.php\/wp-json\/wp\/v2\/media?parent=25305"}],"wp:term":[{"taxonomy":"category","embeddable":true,"href":"https:\/\/zonalimitrofe-cbnr.com\/index.php\/wp-json\/wp\/v2\/categories?post=25305"},{"taxonomy":"post_tag","embeddable":true,"href":"https:\/\/zonalimitrofe-cbnr.com\/index.php\/wp-json\/wp\/v2\/tags?post=25305"}],"curies":[{"name":"wp","href":"https:\/\/api.w.org\/{rel}","templated":true}]}}