{"id":25296,"date":"2025-09-17T16:39:10","date_gmt":"2025-09-17T22:39:10","guid":{"rendered":"https:\/\/zonalimitrofe-cbnr.com\/?p=25296"},"modified":"2025-09-17T16:39:11","modified_gmt":"2025-09-17T22:39:11","slug":"torreon-proteccion-civil-y-bomberos-de-torreon-sera-parte-del-macro-simulacro-nacional-2025","status":"publish","type":"post","link":"https:\/\/zonalimitrofe-cbnr.com\/index.php\/2025\/09\/17\/torreon-proteccion-civil-y-bomberos-de-torreon-sera-parte-del-macro-simulacro-nacional-2025\/","title":{"rendered":"#Torre\u00f3n. Protecci\u00f3n Civil y Bomberos de Torre\u00f3n ser\u00e1 parte del Macro Simulacro Nacional 2025"},"content":{"rendered":"\n<p>Torre\u00f3n, Coahuila. A 17 de septiembre de 2025<\/p>\n\n\n\n<p>La Zona Industrial de Torre\u00f3n ser\u00e1 part\u00edcipe del Macro Simulacro que se<br>desarrollar\u00e1 el pr\u00f3ximo viernes 19 de septiembre, con motivo del D\u00eda Nacional de<br>Protecci\u00f3n Civil.<br>Jorge Luis Ju\u00e1rez Llanas, director de Protecci\u00f3n Civil y Bomberos de Torre\u00f3n, dio<br>a conocer que se espera que participen alrededor de 100 empresas de la zona,<br>quienes deber\u00e1n actuar cuando la alarma suene a las 12:00 del mediod\u00eda, para<br>dar aviso a la emergencia simulada.<br>Dijo que la hip\u00f3tesis de emergencia se dar\u00e1 a conocer ese mismo d\u00eda.<br>Indic\u00f3 que el objetivo es evaluar a las brigadas internas de las empresas de esta<br>zona, para verificar que sigan el protocolo de actuaci\u00f3n, revisar las \u00e1reas de<br>oportunidad y retroalimentarlos para que se genere una mejor preparaci\u00f3n ante un<br>evento de ese tipo.<br>Dijo tambi\u00e9n que estas acciones son preparadas con antelaci\u00f3n por la Direcci\u00f3n<br>de Protecci\u00f3n Civil y Bomberos, en los programas de prevenci\u00f3n y combate de<br>incendios, primeros auxilios, evacuaci\u00f3n, as\u00ed como b\u00fasqueda y rescate.<br>Agreg\u00f3 que durante el Macro Simulacro habr\u00e1 presencia de autoridades de<br>seguridad estatales y federales, y por parte del Municipio se contar\u00e1 con la<br>participaci\u00f3n de Protecci\u00f3n Civil y Bomberos; Vialidad y Movilidad Urbana; y<br>Seguridad P\u00fablica, adem\u00e1s de ambulancias y param\u00e9dicos.<br>Finalmente, Ju\u00e1rez Llanas invit\u00f3 a todas las empresas, guarder\u00edas y escuelas a<br>unirse a este D\u00eda Mundial de Protecci\u00f3n Civil, realizando simulacros en sus<br>edificios.<br>Cabe destacar que la dependencia revisa permanentemente el actuar de las<br>brigadas internas en empresas, escuelas, hospitales, entre otros, como parte del<br>programa de prevenci\u00f3n que se implementa en la Administraci\u00f3n Municipal del<br>alcalde Rom\u00e1n Alberto Cepeda Gonz\u00e1lez.<\/p>\n","protected":false},"excerpt":{"rendered":"<p>Torre\u00f3n, Coahuila. A 17 de septiembre de 2025 La Zona Industrial de Torre\u00f3n ser\u00e1 part\u00edcipe del Macro Simulacro que sedesarrollar\u00e1 el pr\u00f3ximo viernes 19 de septiembre, con motivo del D\u00eda Nacional deProtecci\u00f3n Civil.Jorge Luis Ju\u00e1rez Llanas, director de Protecci\u00f3n Civil y Bomberos de Torre\u00f3n, dioa conocer que se espera que participen alrededor de 100 empresas [&hellip;]<\/p>\n","protected":false},"author":1,"featured_media":25297,"comment_status":"open","ping_status":"open","sticky":false,"template":"","format":"standard","meta":{"_monsterinsights_skip_tracking":false,"_monsterinsights_sitenote_active":false,"_monsterinsights_sitenote_note":"","_monsterinsights_sitenote_category":0,"footnotes":""},"categories":[1],"tags":[],"_links":{"self":[{"href":"https:\/\/zonalimitrofe-cbnr.com\/index.php\/wp-json\/wp\/v2\/posts\/25296"}],"collection":[{"href":"https:\/\/zonalimitrofe-cbnr.com\/index.php\/wp-json\/wp\/v2\/posts"}],"about":[{"href":"https:\/\/zonalimitrofe-cbnr.com\/index.php\/wp-json\/wp\/v2\/types\/post"}],"author":[{"embeddable":true,"href":"https:\/\/zonalimitrofe-cbnr.com\/index.php\/wp-json\/wp\/v2\/users\/1"}],"replies":[{"embeddable":true,"href":"https:\/\/zonalimitrofe-cbnr.com\/index.php\/wp-json\/wp\/v2\/comments?post=25296"}],"version-history":[{"count":1,"href":"https:\/\/zonalimitrofe-cbnr.com\/index.php\/wp-json\/wp\/v2\/posts\/25296\/revisions"}],"predecessor-version":[{"id":25298,"href":"https:\/\/zonalimitrofe-cbnr.com\/index.php\/wp-json\/wp\/v2\/posts\/25296\/revisions\/25298"}],"wp:featuredmedia":[{"embeddable":true,"href":"https:\/\/zonalimitrofe-cbnr.com\/index.php\/wp-json\/wp\/v2\/media\/25297"}],"wp:attachment":[{"href":"https:\/\/zonalimitrofe-cbnr.com\/index.php\/wp-json\/wp\/v2\/media?parent=25296"}],"wp:term":[{"taxonomy":"category","embeddable":true,"href":"https:\/\/zonalimitrofe-cbnr.com\/index.php\/wp-json\/wp\/v2\/categories?post=25296"},{"taxonomy":"post_tag","embeddable":true,"href":"https:\/\/zonalimitrofe-cbnr.com\/index.php\/wp-json\/wp\/v2\/tags?post=25296"}],"curies":[{"name":"wp","href":"https:\/\/api.w.org\/{rel}","templated":true}]}}