{"id":25293,"date":"2025-09-17T16:36:13","date_gmt":"2025-09-17T22:36:13","guid":{"rendered":"https:\/\/zonalimitrofe-cbnr.com\/?p=25293"},"modified":"2025-09-17T16:36:14","modified_gmt":"2025-09-17T22:36:14","slug":"lerdo-pondran-en-marcha-programa-mini-escuadron-bombero","status":"publish","type":"post","link":"https:\/\/zonalimitrofe-cbnr.com\/index.php\/2025\/09\/17\/lerdo-pondran-en-marcha-programa-mini-escuadron-bombero\/","title":{"rendered":"#LERDO.  PONDR\u00c1N EN MARCHA PROGRAMA \u2018MINI ESCUADR\u00d3N BOMBERO\u2019*"},"content":{"rendered":"\n<blockquote class=\"wp-block-quote\">\n<p>Lerdo, 17 de septiembre 2025.- El Coordinador de Protecci\u00f3n Civil y Bomberos en el municipio de Lerdo, Sinhue de Jes\u00fas Ortiz Alba, comparti\u00f3 que en pr\u00f3ximos d\u00edas arrancar\u00e1 el programa \u201cMini Escuadr\u00f3n Bombero\u201d, dirigido a ni\u00f1as y ni\u00f1os de educaci\u00f3n b\u00e1sica, para dar a conocer el trabajo de los elementos y el moderno edificio de la Direcci\u00f3n.<\/p>\n\n\n\n<p>Explic\u00f3 que la idea es coordinar con escuelas la visita a las instalaciones de la Direcci\u00f3n de Protecci\u00f3n Civil y Bomberos, ah\u00ed, brindar a las y los ni\u00f1os una pl\u00e1tica relacionada con primeros auxilios, ya que es importante darles las herramientas necesarias en relaci\u00f3n a este tema para identificar una emergencia y saber c\u00f3mo actuar.<\/p>\n\n\n\n<p>Conocimientos que replicar\u00e1n en sus hogares, e informaci\u00f3n valiosa que podr\u00e1n compartir con todos sus familiares y amigos para sumarse a la prevenci\u00f3n y acci\u00f3n, pues los accidentes pueden ocurrir en cualquier momento.<\/p>\n\n\n\n<p>As\u00ed mismo, darles un recorrido por las oficinas y todas las \u00e1reas del edificio para avivar en los m\u00e1s peque\u00f1os el deseo de, quiz\u00e1 en el futuro, convertirse en bomberos, y velar por la seguridad de los ciudadanos de su municipio, siempre con disciplina, compromiso, vocaci\u00f3n de servicio, trabajo en equipo, lealtad y humanismo.<\/p>\n\n\n\n<p>Y en cuanto a los j\u00f3venes adultos con la disposici\u00f3n para ayudar a otros, el titular de Protecci\u00f3n Civil les invita formar parte del voluntariado al lado de param\u00e9dicos, bomberos y buzos.<\/p>\n\n\n\n<p>Sinhue Ortiz comparti\u00f3 los tel\u00e9fonos de atenci\u00f3n de Protecci\u00f3n Civil y Bomberos; 87 11 59 26 76 atendiendo en horario administrativo de 8:00 a 16:00 horas, de lunes a viernes; y 87 17 25 32 52, l\u00ednea de emergencia activa las 24 horas del d\u00eda.<\/p>\n<\/blockquote>\n","protected":false},"excerpt":{"rendered":"<p>Lerdo, 17 de septiembre 2025.- El Coordinador de Protecci\u00f3n Civil y Bomberos en el municipio de Lerdo, Sinhue de Jes\u00fas Ortiz Alba, comparti\u00f3 que en pr\u00f3ximos d\u00edas arrancar\u00e1 el programa \u201cMini Escuadr\u00f3n Bombero\u201d, dirigido a ni\u00f1as y ni\u00f1os de educaci\u00f3n b\u00e1sica, para dar a conocer el trabajo de los elementos y el moderno edificio de [&hellip;]<\/p>\n","protected":false},"author":1,"featured_media":25294,"comment_status":"open","ping_status":"open","sticky":false,"template":"","format":"standard","meta":{"_monsterinsights_skip_tracking":false,"_monsterinsights_sitenote_active":false,"_monsterinsights_sitenote_note":"","_monsterinsights_sitenote_category":0,"footnotes":""},"categories":[1],"tags":[],"_links":{"self":[{"href":"https:\/\/zonalimitrofe-cbnr.com\/index.php\/wp-json\/wp\/v2\/posts\/25293"}],"collection":[{"href":"https:\/\/zonalimitrofe-cbnr.com\/index.php\/wp-json\/wp\/v2\/posts"}],"about":[{"href":"https:\/\/zonalimitrofe-cbnr.com\/index.php\/wp-json\/wp\/v2\/types\/post"}],"author":[{"embeddable":true,"href":"https:\/\/zonalimitrofe-cbnr.com\/index.php\/wp-json\/wp\/v2\/users\/1"}],"replies":[{"embeddable":true,"href":"https:\/\/zonalimitrofe-cbnr.com\/index.php\/wp-json\/wp\/v2\/comments?post=25293"}],"version-history":[{"count":1,"href":"https:\/\/zonalimitrofe-cbnr.com\/index.php\/wp-json\/wp\/v2\/posts\/25293\/revisions"}],"predecessor-version":[{"id":25295,"href":"https:\/\/zonalimitrofe-cbnr.com\/index.php\/wp-json\/wp\/v2\/posts\/25293\/revisions\/25295"}],"wp:featuredmedia":[{"embeddable":true,"href":"https:\/\/zonalimitrofe-cbnr.com\/index.php\/wp-json\/wp\/v2\/media\/25294"}],"wp:attachment":[{"href":"https:\/\/zonalimitrofe-cbnr.com\/index.php\/wp-json\/wp\/v2\/media?parent=25293"}],"wp:term":[{"taxonomy":"category","embeddable":true,"href":"https:\/\/zonalimitrofe-cbnr.com\/index.php\/wp-json\/wp\/v2\/categories?post=25293"},{"taxonomy":"post_tag","embeddable":true,"href":"https:\/\/zonalimitrofe-cbnr.com\/index.php\/wp-json\/wp\/v2\/tags?post=25293"}],"curies":[{"name":"wp","href":"https:\/\/api.w.org\/{rel}","templated":true}]}}