{"id":25271,"date":"2025-09-17T16:07:24","date_gmt":"2025-09-17T22:07:24","guid":{"rendered":"https:\/\/zonalimitrofe-cbnr.com\/?p=25271"},"modified":"2025-09-17T16:07:24","modified_gmt":"2025-09-17T22:07:24","slug":"lerdo-registra-lerdo-saldo-blanco-en-fiestas-patrias","status":"publish","type":"post","link":"https:\/\/zonalimitrofe-cbnr.com\/index.php\/2025\/09\/17\/lerdo-registra-lerdo-saldo-blanco-en-fiestas-patrias\/","title":{"rendered":"#Lerdo. REGISTRA LERDO SALDO BLANCO EN FIESTAS PATRIAS"},"content":{"rendered":"\n<blockquote class=\"wp-block-quote\">\n<p>Lerdo, 17 de septiembre de 2025.- La Presidenta Municipal Susy Carolina Torrecillas Salazar inform\u00f3 que se obtuvo un saldo blanco durante el operativo \u201cFestejo Seguro\u201d, implementado para salvaguardar a miles de familias con motivo de la celebraci\u00f3n de la Independencia de M\u00e9xico.<\/p>\n\n\n\n<p>El operativo se conform\u00f3 con la participaci\u00f3n de Seguridad P\u00fablica, Tr\u00e1nsito y Vialidad, Protecci\u00f3n Civil, Bomberos, Salud Municipal, en coordinaci\u00f3n con el Mando Especial de La Laguna.<\/p>\n\n\n\n<p>Las acciones se desplegaron en la cabecera municipal y las cinco villas de Lerdo, desde el s\u00e1bado 13 hasta el martes 16 de septiembre. En este periodo se desarrollaron actividades culturales, la ceremonia del 215 aniversario del Grito de Independencia y el tradicional Desfile C\u00edvico-Militar.<\/p>\n\n\n\n<p>El operativo tuvo como objetivo la prevenci\u00f3n, la atenci\u00f3n y reacci\u00f3n, a trav\u00e9s de la proximidad social, atenci\u00f3n a la ciudadan\u00eda, supervisi\u00f3n y rondines de vigilancia y el operativo alcohol\u00edmetro para exhortar a los habitantes a no conducir en estado de ebriedad.<\/p>\n\n\n\n<p>La Alcaldesa de Lerdo, agradeci\u00f3 la colaboraci\u00f3n de la ciudadan\u00eda, cuya respuesta permiti\u00f3 obtener un saldo blanco, reflejo del trabajo conjunto entre sociedad y gobierno. Asimismo, reconoci\u00f3 el respaldo de las autoridades de los tres niveles de gobierno que integran el Mando Especial de La Laguna.<\/p>\n<\/blockquote>\n","protected":false},"excerpt":{"rendered":"<p>Lerdo, 17 de septiembre de 2025.- La Presidenta Municipal Susy Carolina Torrecillas Salazar inform\u00f3 que se obtuvo un saldo blanco durante el operativo \u201cFestejo Seguro\u201d, implementado para salvaguardar a miles de familias con motivo de la celebraci\u00f3n de la Independencia de M\u00e9xico. El operativo se conform\u00f3 con la participaci\u00f3n de Seguridad P\u00fablica, Tr\u00e1nsito y Vialidad, [&hellip;]<\/p>\n","protected":false},"author":1,"featured_media":25272,"comment_status":"open","ping_status":"open","sticky":false,"template":"","format":"standard","meta":{"_monsterinsights_skip_tracking":false,"_monsterinsights_sitenote_active":false,"_monsterinsights_sitenote_note":"","_monsterinsights_sitenote_category":0,"footnotes":""},"categories":[1],"tags":[],"_links":{"self":[{"href":"https:\/\/zonalimitrofe-cbnr.com\/index.php\/wp-json\/wp\/v2\/posts\/25271"}],"collection":[{"href":"https:\/\/zonalimitrofe-cbnr.com\/index.php\/wp-json\/wp\/v2\/posts"}],"about":[{"href":"https:\/\/zonalimitrofe-cbnr.com\/index.php\/wp-json\/wp\/v2\/types\/post"}],"author":[{"embeddable":true,"href":"https:\/\/zonalimitrofe-cbnr.com\/index.php\/wp-json\/wp\/v2\/users\/1"}],"replies":[{"embeddable":true,"href":"https:\/\/zonalimitrofe-cbnr.com\/index.php\/wp-json\/wp\/v2\/comments?post=25271"}],"version-history":[{"count":1,"href":"https:\/\/zonalimitrofe-cbnr.com\/index.php\/wp-json\/wp\/v2\/posts\/25271\/revisions"}],"predecessor-version":[{"id":25273,"href":"https:\/\/zonalimitrofe-cbnr.com\/index.php\/wp-json\/wp\/v2\/posts\/25271\/revisions\/25273"}],"wp:featuredmedia":[{"embeddable":true,"href":"https:\/\/zonalimitrofe-cbnr.com\/index.php\/wp-json\/wp\/v2\/media\/25272"}],"wp:attachment":[{"href":"https:\/\/zonalimitrofe-cbnr.com\/index.php\/wp-json\/wp\/v2\/media?parent=25271"}],"wp:term":[{"taxonomy":"category","embeddable":true,"href":"https:\/\/zonalimitrofe-cbnr.com\/index.php\/wp-json\/wp\/v2\/categories?post=25271"},{"taxonomy":"post_tag","embeddable":true,"href":"https:\/\/zonalimitrofe-cbnr.com\/index.php\/wp-json\/wp\/v2\/tags?post=25271"}],"curies":[{"name":"wp","href":"https:\/\/api.w.org\/{rel}","templated":true}]}}