{"id":25262,"date":"2025-09-17T14:28:22","date_gmt":"2025-09-17T20:28:22","guid":{"rendered":"https:\/\/zonalimitrofe-cbnr.com\/?p=25262"},"modified":"2025-09-17T14:28:23","modified_gmt":"2025-09-17T20:28:23","slug":"torreon-ejemplo-de-coordinacion-y-trabajo-en-equipo","status":"publish","type":"post","link":"https:\/\/zonalimitrofe-cbnr.com\/index.php\/2025\/09\/17\/torreon-ejemplo-de-coordinacion-y-trabajo-en-equipo\/","title":{"rendered":"Torre\u00f3n, ejemplo de coordinaci\u00f3n y trabajo en equipo"},"content":{"rendered":"\n<p><strong>Torre\u00f3n, Coahuila. A 17 de septiembre de 2025.- <\/strong>Durante la trig\u00e9sima quinta reuni\u00f3n semanal de seguridad, que en representaci\u00f3n del alcalde Rom\u00e1n Alberto Cepeda Gonz\u00e1lez, presidi\u00f3 el secretario del Ayuntamiento, Eduardo Olmos Castro, se destac\u00f3 el saldo blanco en los diferentes eventos como la celebraci\u00f3n del Grito de Independencia, el desfile conmemorativo del 16 de septiembre, as\u00ed como la Feria de Torre\u00f3n y conciertos masivos. Olmos Castro hizo extensivo el mensaje del Presidente Municipal para agradecer a las corporaciones por la labor coordinada antes y durante los eventos. \u201cLa celebraci\u00f3n del Grito de Independencia es reflejo de la buena coordinaci\u00f3n de los \u00f3rdenes de Gobierno, las corporaciones de seguridad, la ciudadan\u00eda y miembros de la Iniciativa Privada. Adem\u00e1s, la importante asistencia que se tuvo es resultado de la confianza ciudadana en las instituciones\u201d, mencion\u00f3. El secretario del Ayuntamiento resalt\u00f3 que en Torre\u00f3n, la ciudadan\u00eda sale a disfrutar de todo tipo de actividades en familia, y agreg\u00f3 que a diferencia de otros Estados donde hubo suspensiones o intranquilidad debido a la gran afluencia de personas, en este Municipio predomina la coordinaci\u00f3n, la civilidad y la seguridad. \u201cTorre\u00f3n es un ejemplo de coordinaci\u00f3n y trabajo en equipo entre todos los<br>\u00f3rdenes de Gobierno y las fuerzas militares. El Municipio lo demostr\u00f3 con este evento en el que las familias salieron al festejo c\u00edvico, que adem\u00e1s se sum\u00f3 a otros tambi\u00e9n de grandes aforos y a la misma Feria\u201d, reiter\u00f3. Por su parte, el comisario Alfredo Flores Originales, director de la Polic\u00eda de Torre\u00f3n, agradeci\u00f3 a las autoridades por la labor realizada, el compromiso de los elementos de seguridad durante las jornadas, las cuales incluyeron las actividades del 16 de septiembre, y el apoyo de todas las dependencias y organismos involucrados.<br>Referente al \u00edndice semanal de incidencia delictiva, el comisario Alfredo Flores<br>Originales, inform\u00f3 que del 8 al 14 de septiembre, disminuy\u00f3 el \u00edndice delictivo en<br>el rubro de robo a local comercial, con tres eventos; y en robo a transporte p\u00fablico<br>individual, con cero eventos.<br>La Polic\u00eda Municipal efectu\u00f3 104 detenciones que fueron remitidas al Ministerio<br>P\u00fablico y 105 al Juez Calificador.<\/p>\n\n\n\n<p>El Grupo de Reacci\u00f3n Torre\u00f3n realiz\u00f3 nueve detenciones relacionadas con la<br>posesi\u00f3n de narc\u00f3ticos.<br>Adem\u00e1s, el comisario inform\u00f3 que se recuperaron dos veh\u00edculos gracias al sistema<br>de videovigilancia.<br>Martha Rodr\u00edguez Romero, directora general del&nbsp;Centro de Justicia Municipal<br>(CJM), inform\u00f3 que el personal de peritos terrestres permanece atento en las<br>inmediaciones de la Feria de Torre\u00f3n. Tambi\u00e9n mantuvieron coordinaci\u00f3n en los<br>festejos del 15 y 16 de septiembre en los alrededores de la Plaza Mayor, a fin de<br>atender de manera inmediata cualquier eventualidad respecto a percances viales.<br>La funcionaria invit\u00f3 a la ciudadan\u00eda a donar ropa y calzado para apoyar a las<br>personas detenidas que viven en situaci\u00f3n vulnerable o de calle.<br>Martha Alicia Faz D\u00e1vila, directora de Tr\u00e1nsito y Vialidad, inform\u00f3 que como parte<br>de las acciones de mejora, se hizo la entrega de un veh\u00edculo al Centro de<br>Educaci\u00f3n Vial \u201cCarlos de la Cueva\u201d.<br>Lo anterior para el traslado del personal que realiza actividades del Programa de<br>Educaci\u00f3n Vial.<br>Indic\u00f3 tambi\u00e9n que arranc\u00f3 el Programa Vialidad Escolar Segura, en el Jard\u00edn de<br>Ni\u00f1os 20 de Noviembre, ubicado en la colonia Las Carolinas, garantizando el<br>ingreso seguro a los estudiantes del plantel, con la colaboraci\u00f3n de padres de<br>familia y docentes.<br>Luis Alberto Morales Cort\u00e9s, director general de Vialidad y Movilidad Urbana,<br>destac\u00f3 la rodada llevada a cabo en conmemoraci\u00f3n por el \u201cD\u00eda de la<br>Independencia\u201d, con la participaci\u00f3n de la Direcci\u00f3n de la Juventud, el Grupo<br>Scout 1 Norte y alumnos del Tec Milenio.<br>Asimismo, inform\u00f3 que concluy\u00f3 con \u00e9xito la capacitaci\u00f3n en \u201cAuditor\u00edas de<br>Seguridad Vial\u201d, realizada en el marco de la \u201cSemana Nacional de la Salud<br>P\u00fablica\u201d, impartido por el Secretariado T\u00e9cnico del Consejo Nacional para la<br>Prevenci\u00f3n de Accidentes, en la que 25 agentes viales y dos peritos tuvieron la<br>oportunidad de adquirir y plasmar los conocimientos para identificar los factores de<br>riesgo en la infraestructura vial.<br>Jorge Luis Ju\u00e1rez Llanas, director de Protecci\u00f3n Civil y Bomberos, dijo que esta<br>semana se atendieron 132 servicios por parte de las diferentes estaciones de la<br>corporaci\u00f3n.<br>Mencion\u00f3 sobre las acciones realizadas en la atenci\u00f3n a lluvias, con el monitoreo<br>y desag\u00fce de los pozos de captaci\u00f3n.<\/p>\n\n\n\n<p>Por parte de Inspecci\u00f3n y Verificaci\u00f3n, Jos\u00e9 del Castillo Serrano, se\u00f1al\u00f3 que los<br>principales reportes que recibi\u00f3 la dependencia mediante el sistema 073, fueron<br>por obstrucci\u00f3n en la v\u00eda p\u00fablica, con seis; y veh\u00edculos chatarra, con ocho.<br>Adem\u00e1s, indic\u00f3 que se realizaron ocho clausuras por diversas faltas.<\/p>\n","protected":false},"excerpt":{"rendered":"<p>Torre\u00f3n, Coahuila. A 17 de septiembre de 2025.- Durante la trig\u00e9sima quinta reuni\u00f3n semanal de seguridad, que en representaci\u00f3n del alcalde Rom\u00e1n Alberto Cepeda Gonz\u00e1lez, presidi\u00f3 el secretario del Ayuntamiento, Eduardo Olmos Castro, se destac\u00f3 el saldo blanco en los diferentes eventos como la celebraci\u00f3n del Grito de Independencia, el desfile conmemorativo del 16 de [&hellip;]<\/p>\n","protected":false},"author":1,"featured_media":25263,"comment_status":"open","ping_status":"open","sticky":false,"template":"","format":"standard","meta":{"_monsterinsights_skip_tracking":false,"_monsterinsights_sitenote_active":false,"_monsterinsights_sitenote_note":"","_monsterinsights_sitenote_category":0,"footnotes":""},"categories":[1],"tags":[],"_links":{"self":[{"href":"https:\/\/zonalimitrofe-cbnr.com\/index.php\/wp-json\/wp\/v2\/posts\/25262"}],"collection":[{"href":"https:\/\/zonalimitrofe-cbnr.com\/index.php\/wp-json\/wp\/v2\/posts"}],"about":[{"href":"https:\/\/zonalimitrofe-cbnr.com\/index.php\/wp-json\/wp\/v2\/types\/post"}],"author":[{"embeddable":true,"href":"https:\/\/zonalimitrofe-cbnr.com\/index.php\/wp-json\/wp\/v2\/users\/1"}],"replies":[{"embeddable":true,"href":"https:\/\/zonalimitrofe-cbnr.com\/index.php\/wp-json\/wp\/v2\/comments?post=25262"}],"version-history":[{"count":1,"href":"https:\/\/zonalimitrofe-cbnr.com\/index.php\/wp-json\/wp\/v2\/posts\/25262\/revisions"}],"predecessor-version":[{"id":25264,"href":"https:\/\/zonalimitrofe-cbnr.com\/index.php\/wp-json\/wp\/v2\/posts\/25262\/revisions\/25264"}],"wp:featuredmedia":[{"embeddable":true,"href":"https:\/\/zonalimitrofe-cbnr.com\/index.php\/wp-json\/wp\/v2\/media\/25263"}],"wp:attachment":[{"href":"https:\/\/zonalimitrofe-cbnr.com\/index.php\/wp-json\/wp\/v2\/media?parent=25262"}],"wp:term":[{"taxonomy":"category","embeddable":true,"href":"https:\/\/zonalimitrofe-cbnr.com\/index.php\/wp-json\/wp\/v2\/categories?post=25262"},{"taxonomy":"post_tag","embeddable":true,"href":"https:\/\/zonalimitrofe-cbnr.com\/index.php\/wp-json\/wp\/v2\/tags?post=25262"}],"curies":[{"name":"wp","href":"https:\/\/api.w.org\/{rel}","templated":true}]}}