{"id":25259,"date":"2025-09-17T14:19:13","date_gmt":"2025-09-17T20:19:13","guid":{"rendered":"https:\/\/zonalimitrofe-cbnr.com\/?p=25259"},"modified":"2025-09-17T14:19:14","modified_gmt":"2025-09-17T20:19:14","slug":"lerdo-servicios-publicos-garantiza-limpieza-tras-fiestas-patrias-en-lerdo","status":"publish","type":"post","link":"https:\/\/zonalimitrofe-cbnr.com\/index.php\/2025\/09\/17\/lerdo-servicios-publicos-garantiza-limpieza-tras-fiestas-patrias-en-lerdo\/","title":{"rendered":"#Lerdo. SERVICIOS P\u00daBLICOS GARANTIZA LIMPIEZA TRAS FIESTAS PATRIAS EN LERDO*"},"content":{"rendered":"\n<blockquote class=\"wp-block-quote\">\n<p><\/p>\n\n\n\n<p>Lerdo, 17 de septiembre 2025.- Al concluir cada uno de los eventos programados durante las Fiestas Patrias en el municipio de Lerdo, cuadrillas de la direcci\u00f3n de Servicios P\u00fablicos llevaron a cabo intensas labores de limpieza en distintos espacios p\u00fablicos, con el objetivo de mantener una ciudad ordenada y en \u00f3ptimas condiciones para sus habitantes y visitantes.<\/p>\n\n\n\n<p>Por instrucciones precisas de la Presidenta Municipal Susy Torrecillas Salazar, se trabaj\u00f3 de manera coordinada con los comerciantes instalados en la Plaza Principal, as\u00ed como en las diferentes sedes donde se realizaron actividades conmemorativas. Entre ellas, se destacan las cinco villas del municipio, en las que tambi\u00e9n se realizaron recorridos para levantar desechos y garantizar espacios limpios.<\/p>\n\n\n\n<p>El operativo incluy\u00f3 la recolecci\u00f3n de basura, barrido manual, retiro de desechos acumulados y supervisi\u00f3n de \u00e1reas verdes, todo ello con el respaldo de trabajadores de Parques y Jardines, as\u00ed como del \u00e1rea de Limpieza.<\/p>\n\n\n\n<p>Con estas acciones, la administraci\u00f3n municipal refrenda su compromiso de mantener entornos dignos, seguros y saludables para la convivencia familiar y social, adem\u00e1s de fortalecer la cultura de la limpieza entre los asistentes en eventos masivos.<\/p>\n<\/blockquote>\n","protected":false},"excerpt":{"rendered":"<p>Lerdo, 17 de septiembre 2025.- Al concluir cada uno de los eventos programados durante las Fiestas Patrias en el municipio de Lerdo, cuadrillas de la direcci\u00f3n de Servicios P\u00fablicos llevaron a cabo intensas labores de limpieza en distintos espacios p\u00fablicos, con el objetivo de mantener una ciudad ordenada y en \u00f3ptimas condiciones para sus habitantes [&hellip;]<\/p>\n","protected":false},"author":1,"featured_media":25260,"comment_status":"open","ping_status":"open","sticky":false,"template":"","format":"standard","meta":{"_monsterinsights_skip_tracking":false,"_monsterinsights_sitenote_active":false,"_monsterinsights_sitenote_note":"","_monsterinsights_sitenote_category":0,"footnotes":""},"categories":[1],"tags":[],"_links":{"self":[{"href":"https:\/\/zonalimitrofe-cbnr.com\/index.php\/wp-json\/wp\/v2\/posts\/25259"}],"collection":[{"href":"https:\/\/zonalimitrofe-cbnr.com\/index.php\/wp-json\/wp\/v2\/posts"}],"about":[{"href":"https:\/\/zonalimitrofe-cbnr.com\/index.php\/wp-json\/wp\/v2\/types\/post"}],"author":[{"embeddable":true,"href":"https:\/\/zonalimitrofe-cbnr.com\/index.php\/wp-json\/wp\/v2\/users\/1"}],"replies":[{"embeddable":true,"href":"https:\/\/zonalimitrofe-cbnr.com\/index.php\/wp-json\/wp\/v2\/comments?post=25259"}],"version-history":[{"count":1,"href":"https:\/\/zonalimitrofe-cbnr.com\/index.php\/wp-json\/wp\/v2\/posts\/25259\/revisions"}],"predecessor-version":[{"id":25261,"href":"https:\/\/zonalimitrofe-cbnr.com\/index.php\/wp-json\/wp\/v2\/posts\/25259\/revisions\/25261"}],"wp:featuredmedia":[{"embeddable":true,"href":"https:\/\/zonalimitrofe-cbnr.com\/index.php\/wp-json\/wp\/v2\/media\/25260"}],"wp:attachment":[{"href":"https:\/\/zonalimitrofe-cbnr.com\/index.php\/wp-json\/wp\/v2\/media?parent=25259"}],"wp:term":[{"taxonomy":"category","embeddable":true,"href":"https:\/\/zonalimitrofe-cbnr.com\/index.php\/wp-json\/wp\/v2\/categories?post=25259"},{"taxonomy":"post_tag","embeddable":true,"href":"https:\/\/zonalimitrofe-cbnr.com\/index.php\/wp-json\/wp\/v2\/tags?post=25259"}],"curies":[{"name":"wp","href":"https:\/\/api.w.org\/{rel}","templated":true}]}}