{"id":25244,"date":"2025-09-16T17:53:44","date_gmt":"2025-09-16T23:53:44","guid":{"rendered":"https:\/\/zonalimitrofe-cbnr.com\/?p=25244"},"modified":"2025-09-16T17:53:44","modified_gmt":"2025-09-16T23:53:44","slug":"coahuila-voluntad-coordinacion-y-fortaleza-por-la-seguridad-de-coahuila-manolo","status":"publish","type":"post","link":"https:\/\/zonalimitrofe-cbnr.com\/index.php\/2025\/09\/16\/coahuila-voluntad-coordinacion-y-fortaleza-por-la-seguridad-de-coahuila-manolo\/","title":{"rendered":"#Coahuila. VOLUNTAD, COORDINACI\u00d3N Y FORTALEZA POR LA SEGURIDAD DE COAHUILA: MANOLO"},"content":{"rendered":"\n<p>\u00b7 Autoridades env\u00edan mensaje con desfile C\u00edvico Militar por el 215 aniversario de la independencia de M\u00e9xico<\/p>\n\n\n\n<p>Saltillo, Coahuila de Zaragoza; a 16 de septiembre de 2025.- El gobernador Manolo Jim\u00e9nez Salinas presidi\u00f3 el desfile conmemorativo al 215 aniversario del inicio del movimiento de independencia de M\u00e9xico, evento en el que destac\u00f3 la gran participaci\u00f3n ciudadana en los 38 municipios de la entidad en estos festejos patrios, mismos que se realizaron en completa paz y tranquilidad.<\/p>\n\n\n\n<p>\u201cJunto a cientos de familias, vivimos en Saltillo el tradicional Desfile C\u00edvico Militar en honor al 215 aniversario de nuestra Independencia Nacional, acompa\u00f1ados por los tres \u00f3rdenes de Gobierno y la Fuerzas Armadas. Esta conmemoraci\u00f3n reafirma nuestros valores patrios, la unidad de nuestro pueblo y la firme voluntad de seguir manteniendo a Coahuila como uno de los estados m\u00e1s seguros de M\u00e9xico\u201d, indic\u00f3.<\/p>\n\n\n\n<p>\u201cSaldo blanco en los 38 municipios de Coahuila; nuestra gente disfrut\u00f3 el Grito de Independencia con paz, con tranquilidad. Los desfiles tambi\u00e9n me reportan que salieron bien y no hay nada mejor para quienes tenemos la oportunidad de gobernar que ver a nuestra gente feliz\u201d, manifest\u00f3 el Gobernador de Coahuila.<\/p>\n\n\n\n<p>Agreg\u00f3 que a estos eventos asistieron miles de familias que se sienten muy contentas de vivir en paz y con calidad de vida.<\/p>\n\n\n\n<p>Adem\u00e1s, declar\u00f3 que estos desfiles ayudan para hacer demostraciones de estado de fuerza, de coordinaci\u00f3n entre las Fuerzas Armadas, la Polic\u00eda Estatal, la Fiscal\u00eda General del Estado.<\/p>\n\n\n\n<p>Manolo Jim\u00e9nez coment\u00f3 que el nuevo Comandante de la XI Regi\u00f3n Militar, general Fernando Colchado G\u00f3mez, reconoci\u00f3 la gran coordinaci\u00f3n y la voluntad de todas las instituciones de trabajar por la seguridad.<\/p>\n\n\n\n<p>Se\u00f1al\u00f3 que en Coahuila se trabaja todos los d\u00edas para mantener la paz y la seguridad, porque, dijo, de ah\u00ed parten muchas cosas.<\/p>\n\n\n\n<p>\u201cPor eso, para nosotros la paz es prioridad, y vamos a estar muy al pie del ca\u00f1\u00f3n fortaleciendo nuestra estrategia con m\u00e1s prevenci\u00f3n, proximidad, inteligencia y fuerza\u201d, mencion\u00f3.<\/p>\n\n\n\n<p>En relaci\u00f3n con los temas que se trataron en la pasada reuni\u00f3n del Consejo Nacional de Seguridad, que se llev\u00f3 a cabo en d\u00edas pasados en Palacio Nacional, Manolo Jim\u00e9nez destac\u00f3 que en Coahuila se tiene un avance importante en todos ellos, \u201cse habl\u00f3 de coordinaci\u00f3n, se habl\u00f3 de voluntad, se habl\u00f3 de ir impulsando un modelo de atenci\u00f3n a las familias de personas desaparecidas, tema en el que en Coahuila tenemos m\u00e1s de 12 a\u00f1os con ese modelo\u201d.<\/p>\n\n\n\n<p>\u201cEn materia de seguridad, a nivel nacional hay un avance importante de parte de nuestro estado\u201d, puntualiz\u00f3 el gobernador Manolo Jim\u00e9nez.<\/p>\n\n\n\n<p>En este desfile c\u00edvico militar participaron, por el personal de las fuerzas armadas, cinco banderas de guerra, seis guiones representativos de los diferentes organismos jurisdiccionados a la sexta zona militar; 148 elementos del Ej\u00e9rcito Mexicano; 97 elementos de la Guardia Nacional; 22 soldados del Servicio Militar Nacional; 56 integrantes del primer cuerpo de infanter\u00eda de Defensas Rurales; tres binomios can\u00f3filos; cinco caballos y 25 veh\u00edculos oficiales.<\/p>\n\n\n\n<p>De los cuerpos de seguridad p\u00fablica, 444 polic\u00edas y agentes; 145 cadetes, 31 binomios can\u00f3filos; nueve caballos; 77 veh\u00edculos oficiales y 26 motocicletas.<\/p>\n\n\n\n<p>En el desfile conmemorativo al 215 aniversario del Inicio de la Independencia de M\u00e9xico, acompa\u00f1aron al gobernador el General de Brigada EM Fernando Colchado G\u00f3mez Comandante de la XI Regi\u00f3n Militar; Miguel Felipe Mery Ayup, magistrado presidente del Tribunal Superior de Justicia; Luz Elena Morales N\u00fa\u00f1ez, diputada presidenta de la Junta de Gobierno del Congreso de Coahuila; Javier D\u00edaz Gonz\u00e1lez, presidente municipal de Saltillo; General Brigadier EM Francisco Acu\u00f1a D\u00edas, coordinador de la Guardia Nacional en Coahuila; Capit\u00e1n de Nav\u00edo del cuartel general EM, Mario Alfredo Escalante Bautista, Comandante de base de operaciones de la Marina en Coahuila.<\/p>\n\n\n\n<p>Integrantes del gabinete legal y ampliado del Ejecutivo; Diputados federales, diputados locales, mandos militares, funcionarios estatales y municipales.<\/p>\n","protected":false},"excerpt":{"rendered":"<p>\u00b7 Autoridades env\u00edan mensaje con desfile C\u00edvico Militar por el 215 aniversario de la independencia de M\u00e9xico Saltillo, Coahuila de Zaragoza; a 16 de septiembre de 2025.- El gobernador Manolo Jim\u00e9nez Salinas presidi\u00f3 el desfile conmemorativo al 215 aniversario del inicio del movimiento de independencia de M\u00e9xico, evento en el que destac\u00f3 la gran participaci\u00f3n [&hellip;]<\/p>\n","protected":false},"author":1,"featured_media":25245,"comment_status":"open","ping_status":"open","sticky":false,"template":"","format":"standard","meta":{"_monsterinsights_skip_tracking":false,"_monsterinsights_sitenote_active":false,"_monsterinsights_sitenote_note":"","_monsterinsights_sitenote_category":0,"footnotes":""},"categories":[1],"tags":[],"_links":{"self":[{"href":"https:\/\/zonalimitrofe-cbnr.com\/index.php\/wp-json\/wp\/v2\/posts\/25244"}],"collection":[{"href":"https:\/\/zonalimitrofe-cbnr.com\/index.php\/wp-json\/wp\/v2\/posts"}],"about":[{"href":"https:\/\/zonalimitrofe-cbnr.com\/index.php\/wp-json\/wp\/v2\/types\/post"}],"author":[{"embeddable":true,"href":"https:\/\/zonalimitrofe-cbnr.com\/index.php\/wp-json\/wp\/v2\/users\/1"}],"replies":[{"embeddable":true,"href":"https:\/\/zonalimitrofe-cbnr.com\/index.php\/wp-json\/wp\/v2\/comments?post=25244"}],"version-history":[{"count":1,"href":"https:\/\/zonalimitrofe-cbnr.com\/index.php\/wp-json\/wp\/v2\/posts\/25244\/revisions"}],"predecessor-version":[{"id":25246,"href":"https:\/\/zonalimitrofe-cbnr.com\/index.php\/wp-json\/wp\/v2\/posts\/25244\/revisions\/25246"}],"wp:featuredmedia":[{"embeddable":true,"href":"https:\/\/zonalimitrofe-cbnr.com\/index.php\/wp-json\/wp\/v2\/media\/25245"}],"wp:attachment":[{"href":"https:\/\/zonalimitrofe-cbnr.com\/index.php\/wp-json\/wp\/v2\/media?parent=25244"}],"wp:term":[{"taxonomy":"category","embeddable":true,"href":"https:\/\/zonalimitrofe-cbnr.com\/index.php\/wp-json\/wp\/v2\/categories?post=25244"},{"taxonomy":"post_tag","embeddable":true,"href":"https:\/\/zonalimitrofe-cbnr.com\/index.php\/wp-json\/wp\/v2\/tags?post=25244"}],"curies":[{"name":"wp","href":"https:\/\/api.w.org\/{rel}","templated":true}]}}