{"id":25237,"date":"2025-09-16T17:23:15","date_gmt":"2025-09-16T23:23:15","guid":{"rendered":"https:\/\/zonalimitrofe-cbnr.com\/?p=25237"},"modified":"2025-09-16T17:23:15","modified_gmt":"2025-09-16T23:23:15","slug":"durango-el-gobernador-esteban-villegas-encabezo-la-conmemoracion-del-215-aniversario-de-la-independencia-de-mexico","status":"publish","type":"post","link":"https:\/\/zonalimitrofe-cbnr.com\/index.php\/2025\/09\/16\/durango-el-gobernador-esteban-villegas-encabezo-la-conmemoracion-del-215-aniversario-de-la-independencia-de-mexico\/","title":{"rendered":"#Durango. El Gobernador Esteban Villegas encabez\u00f3 la conmemoraci\u00f3n del 215 aniversario de la Independencia de M\u00e9xico*"},"content":{"rendered":"\n<p>* _El mandatario estatal dio el Grito de Independencia ante miles de familias y reafirm\u00f3 la identidad y unidad de los duranguenses._<\/p>\n\n\n\n<p>* _ Honores al Padre de la Patria y el desfile c\u00edvico-militar llenaron de color y orgullo el Centro Hist\u00f3rico._<\/p>\n\n\n\n<p>Con el coraz\u00f3n lleno de orgullo mexicano y en un ambiente de fraternidad, el gobernador Esteban Villegas Villarreal y su esposa, Marisol Rosso Rivera, presidenta del DIF Estatal, encabezaron las celebraciones del 215 aniversario de la Independencia de M\u00e9xico, que unieron a los duranguenses en torno a los s\u00edmbolos patrios y a la memoria de los h\u00e9roes que dieron libertad a la Naci\u00f3n.<\/p>\n\n\n\n<p>La noche del 15 de septiembre, el gobernador Esteban Villegas sali\u00f3 al balc\u00f3n del Museo Francisco Villa para lanzar con voz firme la arenga patri\u00f3tica y ondear la Bandera Nacional, mientras el cielo se iluminaba con fuegos artificiales. La velada concluy\u00f3 con el concierto de Bronco, que puso a cantar y bailar a miles de asistentes.<\/p>\n\n\n\n<p>Al d\u00eda siguiente, el Gobernador, junto a ciudadanos, autoridades y fuerzas militares, se reuni\u00f3 en el Jard\u00edn Hidalgo, donde se coloc\u00f3 una ofrenda floral y se rindieron honores al Padre de la Patria. En este acto solemne, la Fiscal General del Estado, Sonia Yadira de la Garza, record\u00f3 que \u201ccada generaci\u00f3n de mexicanos tiene su propio grito de independencia: un llamado a luchar por un M\u00e9xico m\u00e1s justo y unido\u201d.<\/p>\n\n\n\n<p>Posteriormente, los asistentes caminaron hasta la Plaza IV Centenario, donde el gobernador acompa\u00f1ado de autoridades de los tres niveles de gobierno, recibi\u00f3 a los contingentes frente a los Arcos del Museo Francisco Villa para dar inicio al desfile c\u00edvico-militar. Entre las autoridades presentes estuvieron el General de Brigada Salvador Alvarado Ram\u00edrez, el alcalde To\u00f1o Ochoa, el diputado Ernesto Alan\u00eds Herrera, presidente de la Junta de Gobierno y Coordinaci\u00f3n Pol\u00edtica del Congreso del Estado; el magistrado Manuel Valadez D\u00edaz, presidente del Tribunal Superior de Justicia; el secretario general de Gobierno H\u00e9ctor Vela Valenzuela y el brigadier Pedro Alberto Hern\u00e1ndez Gallardo, coordinador estatal de la Guardia Nacional.<\/p>\n\n\n\n<p>Participaron las Fuerzas Armadas, Guardia Nacional, corporaciones de seguridad, instituciones educativas, Defensas Rurales, Protecci\u00f3n Civil y Cruz Roja, mientras la Orquesta Sinf\u00f3nica del Estado de Durango ameniz\u00f3 el recorrido sobre la calle 5 de Febrero.<\/p>\n\n\n\n<p>Durante el evento, Esteban Villegas destac\u00f3 que este 215 aniversario es motivo para reafirmar la identidad, la paz social y la seguridad que distinguen a Durango. \u201cSomos un estado en armon\u00eda que trabaja unido para seguir siendo ejemplo de fortaleza y esperanza para M\u00e9xico\u201d, afirm\u00f3.<\/p>\n\n\n\n<p>La conmemoraci\u00f3n del inicio de la lucha por la Independencia culmin\u00f3 con saldo blanco y gran participaci\u00f3n ciudadana, lo que refleja el compromiso de las instituciones y de la sociedad duranguense por preservar la paz y fortalecer el orgullo nacional.<\/p>\n","protected":false},"excerpt":{"rendered":"<p>* _El mandatario estatal dio el Grito de Independencia ante miles de familias y reafirm\u00f3 la identidad y unidad de los duranguenses._ * _ Honores al Padre de la Patria y el desfile c\u00edvico-militar llenaron de color y orgullo el Centro Hist\u00f3rico._ Con el coraz\u00f3n lleno de orgullo mexicano y en un ambiente de fraternidad, [&hellip;]<\/p>\n","protected":false},"author":1,"featured_media":25238,"comment_status":"open","ping_status":"open","sticky":false,"template":"","format":"standard","meta":{"_monsterinsights_skip_tracking":false,"_monsterinsights_sitenote_active":false,"_monsterinsights_sitenote_note":"","_monsterinsights_sitenote_category":0,"footnotes":""},"categories":[1],"tags":[],"_links":{"self":[{"href":"https:\/\/zonalimitrofe-cbnr.com\/index.php\/wp-json\/wp\/v2\/posts\/25237"}],"collection":[{"href":"https:\/\/zonalimitrofe-cbnr.com\/index.php\/wp-json\/wp\/v2\/posts"}],"about":[{"href":"https:\/\/zonalimitrofe-cbnr.com\/index.php\/wp-json\/wp\/v2\/types\/post"}],"author":[{"embeddable":true,"href":"https:\/\/zonalimitrofe-cbnr.com\/index.php\/wp-json\/wp\/v2\/users\/1"}],"replies":[{"embeddable":true,"href":"https:\/\/zonalimitrofe-cbnr.com\/index.php\/wp-json\/wp\/v2\/comments?post=25237"}],"version-history":[{"count":1,"href":"https:\/\/zonalimitrofe-cbnr.com\/index.php\/wp-json\/wp\/v2\/posts\/25237\/revisions"}],"predecessor-version":[{"id":25239,"href":"https:\/\/zonalimitrofe-cbnr.com\/index.php\/wp-json\/wp\/v2\/posts\/25237\/revisions\/25239"}],"wp:featuredmedia":[{"embeddable":true,"href":"https:\/\/zonalimitrofe-cbnr.com\/index.php\/wp-json\/wp\/v2\/media\/25238"}],"wp:attachment":[{"href":"https:\/\/zonalimitrofe-cbnr.com\/index.php\/wp-json\/wp\/v2\/media?parent=25237"}],"wp:term":[{"taxonomy":"category","embeddable":true,"href":"https:\/\/zonalimitrofe-cbnr.com\/index.php\/wp-json\/wp\/v2\/categories?post=25237"},{"taxonomy":"post_tag","embeddable":true,"href":"https:\/\/zonalimitrofe-cbnr.com\/index.php\/wp-json\/wp\/v2\/tags?post=25237"}],"curies":[{"name":"wp","href":"https:\/\/api.w.org\/{rel}","templated":true}]}}