{"id":25233,"date":"2025-09-16T17:13:24","date_gmt":"2025-09-16T23:13:24","guid":{"rendered":"https:\/\/zonalimitrofe-cbnr.com\/?p=25233"},"modified":"2025-09-16T17:14:35","modified_gmt":"2025-09-16T23:14:35","slug":"torreon-roman-alberto-cepeda-gonzalez-preside-el-desfile-del-inicio-de-la-independencia-de-mexico","status":"publish","type":"post","link":"https:\/\/zonalimitrofe-cbnr.com\/index.php\/2025\/09\/16\/torreon-roman-alberto-cepeda-gonzalez-preside-el-desfile-del-inicio-de-la-independencia-de-mexico\/","title":{"rendered":"#Torre\u00f3n. Rom\u00e1n Alberto Cepeda Gonz\u00e1lez preside el desfile del inicio de la Independencia de M\u00e9xico"},"content":{"rendered":"\n<p><strong>Torre\u00f3n, Coahuila a 16 de septiembre del 2025.-<\/strong> Con una asistencia de 25 mil personas, el alcalde Rom\u00e1n Alberto Cepeda Gonz\u00e1lez presidi\u00f3 esta ma\u00f1ana el desfile c\u00edvico y militar, conmemorativo del 215 aniversario del inicio del movimiento de Independencia de M\u00e9xico, en la explanada de la Plaza Mayor de Torre\u00f3n. El desfile que tiene como objetivo conmemorar a los h\u00e9roes nacionales que nos dieron patria, cont\u00f3 con la participaci\u00f3n de m\u00e1s de tres mil 200 personas en los diferentes contingentes. El Presidente Municipal destac\u00f3 las condiciones de seguridad de Torre\u00f3n, que permiten hacer todo tipo de eventos, y en donde las familias disfrutan con tranquilidad salir a las calles de la ciudad. \u201cLo he dicho desde mi primer a\u00f1o de Gobierno que fue en 2022, hasta el d\u00eda de ayer que es el cuarto evento del Grito de Independencia y de los festejos del aniversario de Torre\u00f3n, que los temas de obra p\u00fablica, deporte, seguridad, cultura, son importantes, pero tambi\u00e9n lo es el tema de esparcimiento, de poder festejar en familia eventos y fechas tan emblem\u00e1ticas para la ciudad; el llevar a cabo celebraciones como la de ayer, es un mensaje de que estamos trabajando juntos sociedad y Gobierno y con la estrategia de seguridad del gobernador Manolo Jim\u00e9nez\u201d. En ese sentido, el edil reiter\u00f3 que seguir\u00e1 la coordinaci\u00f3n para contribuir a que Coahuila siga seguro y continuar disfrutando eventos como el de ayer, en familia, que promueven la cohesi\u00f3n social y el hacer comunidad. \u201cLa seguridad es un trabajo de todos los d\u00edas y as\u00ed lo haremos en Torre\u00f3n\u201d, manifest\u00f3. Por otro lado, el edil destac\u00f3 la labor de \u201cLa Ola\u201d que en menos de cuatro horas limpi\u00f3 y dej\u00f3 listo nuevamente para la realizaci\u00f3n del desfile.El desfile c\u00edvico militar inici\u00f3 con el grupo de motociclistas de la Direcci\u00f3n de Tr\u00e1nsito y Vialidad, y cerr\u00f3 el personal de La Ola.El contingente estuvo integrado por parte del Ej\u00e9rcito y la Fuerza A\u00e9rea Mexicana, elementos de la Secretar\u00eda de la Defensa Nacional (SEDENA), Guardia Nacional; as\u00ed como de Seguridad P\u00fablica, Tr\u00e1nsito Municipal, Agrupamiento de Bomberos y Protecci\u00f3n Civil; planteles educativos, Pentatl\u00f3n y del Agrupamiento Montado.<\/p>\n\n\n\n<p>Con un total de 27 banderas, 12 estandartes, 3 mil 246 elementos, 85 veh\u00edculos, 15 canes y 25 caballos.<\/p>\n\n\n\n<p>En el parte final se report\u00f3 que el desfile c\u00edvico militar se desarroll\u00f3 sin novedad.<\/p>\n\n\n\n<p>Estuvieron tambi\u00e9n en el pres\u00eddium, la se\u00f1ora Selina Bremer de Cepeda, presidenta honoraria del Sistema para el Desarrollo Integral de la Familia (DIF) Torre\u00f3n; Jefe del Estado Mayor de la XI regi\u00f3n militar, Gaudencio Garc\u00eda Rodr\u00edguez; general de brigada, diplomado de Estado Mayor, Jos\u00e9 Luis Sedano Ram\u00edrez, coordinador regional noroeste de la Guardia Nacional; Eduardo Olmos Castro, secretario del Ayuntamiento; Felipe Gonz\u00e1lez Miranda, diputado; Luis Jorge Cuerda Serna, Primer regidor; y autoridades del Municipio.<\/p>\n","protected":false},"excerpt":{"rendered":"<p>Torre\u00f3n, Coahuila a 16 de septiembre del 2025.- Con una asistencia de 25 mil personas, el alcalde Rom\u00e1n Alberto Cepeda Gonz\u00e1lez presidi\u00f3 esta ma\u00f1ana el desfile c\u00edvico y militar, conmemorativo del 215 aniversario del inicio del movimiento de Independencia de M\u00e9xico, en la explanada de la Plaza Mayor de Torre\u00f3n. El desfile que tiene como [&hellip;]<\/p>\n","protected":false},"author":1,"featured_media":25236,"comment_status":"open","ping_status":"open","sticky":false,"template":"","format":"standard","meta":{"_monsterinsights_skip_tracking":false,"_monsterinsights_sitenote_active":false,"_monsterinsights_sitenote_note":"","_monsterinsights_sitenote_category":0,"footnotes":""},"categories":[1],"tags":[],"_links":{"self":[{"href":"https:\/\/zonalimitrofe-cbnr.com\/index.php\/wp-json\/wp\/v2\/posts\/25233"}],"collection":[{"href":"https:\/\/zonalimitrofe-cbnr.com\/index.php\/wp-json\/wp\/v2\/posts"}],"about":[{"href":"https:\/\/zonalimitrofe-cbnr.com\/index.php\/wp-json\/wp\/v2\/types\/post"}],"author":[{"embeddable":true,"href":"https:\/\/zonalimitrofe-cbnr.com\/index.php\/wp-json\/wp\/v2\/users\/1"}],"replies":[{"embeddable":true,"href":"https:\/\/zonalimitrofe-cbnr.com\/index.php\/wp-json\/wp\/v2\/comments?post=25233"}],"version-history":[{"count":1,"href":"https:\/\/zonalimitrofe-cbnr.com\/index.php\/wp-json\/wp\/v2\/posts\/25233\/revisions"}],"predecessor-version":[{"id":25235,"href":"https:\/\/zonalimitrofe-cbnr.com\/index.php\/wp-json\/wp\/v2\/posts\/25233\/revisions\/25235"}],"wp:featuredmedia":[{"embeddable":true,"href":"https:\/\/zonalimitrofe-cbnr.com\/index.php\/wp-json\/wp\/v2\/media\/25236"}],"wp:attachment":[{"href":"https:\/\/zonalimitrofe-cbnr.com\/index.php\/wp-json\/wp\/v2\/media?parent=25233"}],"wp:term":[{"taxonomy":"category","embeddable":true,"href":"https:\/\/zonalimitrofe-cbnr.com\/index.php\/wp-json\/wp\/v2\/categories?post=25233"},{"taxonomy":"post_tag","embeddable":true,"href":"https:\/\/zonalimitrofe-cbnr.com\/index.php\/wp-json\/wp\/v2\/tags?post=25233"}],"curies":[{"name":"wp","href":"https:\/\/api.w.org\/{rel}","templated":true}]}}