{"id":25230,"date":"2025-09-16T17:07:35","date_gmt":"2025-09-16T23:07:35","guid":{"rendered":"https:\/\/zonalimitrofe-cbnr.com\/?p=25230"},"modified":"2025-09-16T17:07:36","modified_gmt":"2025-09-16T23:07:36","slug":"lerdo-instituto-de-discapacidad-de-lerdo-refuerza-atencion-a-familias-y-personas-con-neurodivergencias","status":"publish","type":"post","link":"https:\/\/zonalimitrofe-cbnr.com\/index.php\/2025\/09\/16\/lerdo-instituto-de-discapacidad-de-lerdo-refuerza-atencion-a-familias-y-personas-con-neurodivergencias\/","title":{"rendered":"#Lerdo. INSTITUTO DE DISCAPACIDAD DE LERDO REFUERZA ATENCI\u00d3N A FAMILIAS Y PERSONAS CON NEURODIVERGENCIAS*"},"content":{"rendered":"\n<p>Lerdo, 15 de septiembre 2025. \u2013 En cumplimiento a las instrucciones de la Presidenta Municipal Susy Carolina Torrecillas Salazar, el Instituto Municipal para el Desarrollo y la Inclusi\u00f3n de Personas con Discapacidad contin\u00faa reforzando la atenci\u00f3n a familias y personas con alg\u00fan tipo de discapacidad o neurodivergencia, brindando orientaci\u00f3n, canalizaci\u00f3n y apoyo en diversos \u00e1mbitos.<\/p>\n\n\n\n<p>A trav\u00e9s de la direcci\u00f3n encabezada por, Karimme Lizeth Caldera Cer\u00f3n, se trabaja de manera directa con la ciudadan\u00eda para dar respuesta a necesidades inmediatas, como la canalizaci\u00f3n con m\u00e9dicos especialistas, la orientaci\u00f3n para la obtenci\u00f3n de la beca de discapacidad, as\u00ed como la b\u00fasqueda de espacios escolares para ni\u00f1as y ni\u00f1os con autismo.<\/p>\n\n\n\n<p>Estas acciones representan la responsabilidad de la administraci\u00f3n municipal, que garantiza que las personas con discapacidad o condiciones afines reciban la orientaci\u00f3n y los recursos necesarios para fortalecer su desarrollo y mejorar su calidad de vida.<\/p>\n\n\n\n<p>El Instituto Municipal para el Desarrollo y la Inclusi\u00f3n de Personas con Discapacidad tiene sus oficinas al interior de la Unidad Administrativa de San Isidro, ubicada en la calle Ram\u00f3n Leyva, intersecci\u00f3n con Galeana, en la colonia San Isidro, a un costado del Skate Park. El horario de atenci\u00f3n es de lunes a viernes, de 8:00 a 16:00 horas. Para mayor informaci\u00f3n, la ciudadan\u00eda puede comunicarse al tel\u00e9fono 87 11 59 30 92 en el mismo horario.<\/p>\n","protected":false},"excerpt":{"rendered":"<p>Lerdo, 15 de septiembre 2025. \u2013 En cumplimiento a las instrucciones de la Presidenta Municipal Susy Carolina Torrecillas Salazar, el Instituto Municipal para el Desarrollo y la Inclusi\u00f3n de Personas con Discapacidad contin\u00faa reforzando la atenci\u00f3n a familias y personas con alg\u00fan tipo de discapacidad o neurodivergencia, brindando orientaci\u00f3n, canalizaci\u00f3n y apoyo en diversos \u00e1mbitos. [&hellip;]<\/p>\n","protected":false},"author":1,"featured_media":25231,"comment_status":"open","ping_status":"open","sticky":false,"template":"","format":"standard","meta":{"_monsterinsights_skip_tracking":false,"_monsterinsights_sitenote_active":false,"_monsterinsights_sitenote_note":"","_monsterinsights_sitenote_category":0,"footnotes":""},"categories":[1],"tags":[],"_links":{"self":[{"href":"https:\/\/zonalimitrofe-cbnr.com\/index.php\/wp-json\/wp\/v2\/posts\/25230"}],"collection":[{"href":"https:\/\/zonalimitrofe-cbnr.com\/index.php\/wp-json\/wp\/v2\/posts"}],"about":[{"href":"https:\/\/zonalimitrofe-cbnr.com\/index.php\/wp-json\/wp\/v2\/types\/post"}],"author":[{"embeddable":true,"href":"https:\/\/zonalimitrofe-cbnr.com\/index.php\/wp-json\/wp\/v2\/users\/1"}],"replies":[{"embeddable":true,"href":"https:\/\/zonalimitrofe-cbnr.com\/index.php\/wp-json\/wp\/v2\/comments?post=25230"}],"version-history":[{"count":1,"href":"https:\/\/zonalimitrofe-cbnr.com\/index.php\/wp-json\/wp\/v2\/posts\/25230\/revisions"}],"predecessor-version":[{"id":25232,"href":"https:\/\/zonalimitrofe-cbnr.com\/index.php\/wp-json\/wp\/v2\/posts\/25230\/revisions\/25232"}],"wp:featuredmedia":[{"embeddable":true,"href":"https:\/\/zonalimitrofe-cbnr.com\/index.php\/wp-json\/wp\/v2\/media\/25231"}],"wp:attachment":[{"href":"https:\/\/zonalimitrofe-cbnr.com\/index.php\/wp-json\/wp\/v2\/media?parent=25230"}],"wp:term":[{"taxonomy":"category","embeddable":true,"href":"https:\/\/zonalimitrofe-cbnr.com\/index.php\/wp-json\/wp\/v2\/categories?post=25230"},{"taxonomy":"post_tag","embeddable":true,"href":"https:\/\/zonalimitrofe-cbnr.com\/index.php\/wp-json\/wp\/v2\/tags?post=25230"}],"curies":[{"name":"wp","href":"https:\/\/api.w.org\/{rel}","templated":true}]}}