{"id":25227,"date":"2025-09-16T17:05:28","date_gmt":"2025-09-16T23:05:28","guid":{"rendered":"https:\/\/zonalimitrofe-cbnr.com\/?p=25227"},"modified":"2025-09-16T17:05:28","modified_gmt":"2025-09-16T23:05:28","slug":"torreon-torreon-de-fiesta-mas-de-110-mil-personas-disfrutaron-de-la-presentacion-musical-del-grupo-intocable","status":"publish","type":"post","link":"https:\/\/zonalimitrofe-cbnr.com\/index.php\/2025\/09\/16\/torreon-torreon-de-fiesta-mas-de-110-mil-personas-disfrutaron-de-la-presentacion-musical-del-grupo-intocable\/","title":{"rendered":"#Torre\u00f3n. \u00a1Torre\u00f3n de fiesta! M\u00e1s de 110 mil personas disfrutaron de la presentaci\u00f3n musical del grupo \u201cIntocable\u201d"},"content":{"rendered":"\n<p>Torre\u00f3n, Coahuila a 16 de septiembre del 2025<\/p>\n\n\n\n<p>Esta noche el grupo \u201cIntocable\u201d se present\u00f3 con \u00e9xito ante m\u00e1s de 110 mil personas que se dieron cita en la Plaza Mayor para escuchar en familia a una de las agrupaciones m\u00e1s emblem\u00e1ticas del g\u00e9nero norte\u00f1o-tejano.<\/p>\n\n\n\n<p>El concierto dio inicio inmediatamente despu\u00e9s del acto c\u00edvico por el Grito de Independencia, encabezado por el alcalde Rom\u00e1n Alberto Cepeda Gonz\u00e1lez.<\/p>\n\n\n\n<p>La presentaci\u00f3n se dio con motivo de los festejos por el 215 aniversario de la Independencia de M\u00e9xico, y los 118 a\u00f1os de Torre\u00f3n como ciudad.<\/p>\n\n\n\n<p>La agrupaci\u00f3n se present\u00f3 en el municipio trayendo sus m\u00e1s grandes \u00e9xitos, los cuales fueron disfrutados por las familias reunidas en la explanada de la Plaza Mayor, en un ambiente festivo en el que los asistentes corearon temas como: \u201cD\u00edmelo\u201d, \u201cLl\u00e9vame en tu viaje\u201d, y \u201cNo te vayas\u201d, \u201cEres Aire\u201d, \u201cY todo para qu\u00e9\u201d, entre otros.<\/p>\n\n\n\n<p>Adem\u00e1s, durante la velada, los integrantes del grupo musical compartieron con el p\u00fablico el cumplea\u00f1os del vocalista, \u201cRiky Mu\u00f1oz\u201d, a quien cantaron con entusiasmo las tradicionales \u201cma\u00f1anitas\u201d, quien agradeci\u00f3 estar esta noche en Torre\u00f3n.<\/p>\n\n\n\n<p>Con un dispositivo de seguridad en el que participaron dependencias y corporaciones de los tres niveles de Gobierno, a las 18:00 horas se abrieron los accesos para que la ciudadan\u00eda ingresara a la explanada de la Plaza Mayor, donde hubo diversas presentaciones art\u00edsticas como la compa\u00f1\u00eda de danza Nahucalli y el Mariachi Juvenil \u201cMi tierra\u201d.<\/p>\n\n\n\n<p>El concierto concluy\u00f3 a las 00:40 horas del martes 16 de septiembre, luego de haber complacido a sus fan\u00e1ticos que pidieron m\u00e1s canciones de su repertorio como: \u201cEns\u00e9\u00f1ame a Olvidar\u201d y \u201cNo me digas que no\u201d. As\u00ed como con un \u00faltimo gesto por parte del vocalista de la agrupaci\u00f3n, quien lanz\u00f3 su sombrero al p\u00fablico.<\/p>\n\n\n\n<p>Para el evento masivo en Torre\u00f3n, la Administraci\u00f3n Municipal que encabeza el alcalde Rom\u00e1n Alberto Cepeda Gonz\u00e1lez, dispuso de un operativo coordinado<\/p>\n\n\n\n<p>donde participaron las dependencias y corporaciones de los tres niveles de Gobierno, as\u00ed como la Guardia Nacional y el Ej\u00e9rcito Mexicano.<\/p>\n\n\n\n<p>Mantuvieron presencia antes, durante y despu\u00e9s del evento la Polic\u00eda Municipal, Direcci\u00f3n de Vialidad y Movilidad Urbana, Protecci\u00f3n Civil y Bomberos, Salud Municipal, Plazas y Mercados, Inspecci\u00f3n y Verificaci\u00f3n. Adem\u00e1s de las corporaciones estatales y federales.<\/p>\n\n\n\n<p>El alcalde Rom\u00e1n Alberto Cepeda Gonz\u00e1lez destac\u00f3 el comportamiento de la ciudadan\u00eda, pues se trat\u00f3 de un evento familiar, el cual registr\u00f3 saldo blanco.<\/p>\n\n\n\n<p>Asimismo, se\u00f1al\u00f3 que este tipo de festejos se pueden realizar en Torre\u00f3n gracias a la paz y tranquilidad que impera en la ciudad, resultado de la coordinaci\u00f3n entre autoridades y el modelo de seguridad del Gobierno del Estado.<\/p>\n","protected":false},"excerpt":{"rendered":"<p>Torre\u00f3n, Coahuila a 16 de septiembre del 2025 Esta noche el grupo \u201cIntocable\u201d se present\u00f3 con \u00e9xito ante m\u00e1s de 110 mil personas que se dieron cita en la Plaza Mayor para escuchar en familia a una de las agrupaciones m\u00e1s emblem\u00e1ticas del g\u00e9nero norte\u00f1o-tejano. El concierto dio inicio inmediatamente despu\u00e9s del acto c\u00edvico por [&hellip;]<\/p>\n","protected":false},"author":1,"featured_media":25228,"comment_status":"open","ping_status":"open","sticky":false,"template":"","format":"standard","meta":{"_monsterinsights_skip_tracking":false,"_monsterinsights_sitenote_active":false,"_monsterinsights_sitenote_note":"","_monsterinsights_sitenote_category":0,"footnotes":""},"categories":[1],"tags":[],"_links":{"self":[{"href":"https:\/\/zonalimitrofe-cbnr.com\/index.php\/wp-json\/wp\/v2\/posts\/25227"}],"collection":[{"href":"https:\/\/zonalimitrofe-cbnr.com\/index.php\/wp-json\/wp\/v2\/posts"}],"about":[{"href":"https:\/\/zonalimitrofe-cbnr.com\/index.php\/wp-json\/wp\/v2\/types\/post"}],"author":[{"embeddable":true,"href":"https:\/\/zonalimitrofe-cbnr.com\/index.php\/wp-json\/wp\/v2\/users\/1"}],"replies":[{"embeddable":true,"href":"https:\/\/zonalimitrofe-cbnr.com\/index.php\/wp-json\/wp\/v2\/comments?post=25227"}],"version-history":[{"count":1,"href":"https:\/\/zonalimitrofe-cbnr.com\/index.php\/wp-json\/wp\/v2\/posts\/25227\/revisions"}],"predecessor-version":[{"id":25229,"href":"https:\/\/zonalimitrofe-cbnr.com\/index.php\/wp-json\/wp\/v2\/posts\/25227\/revisions\/25229"}],"wp:featuredmedia":[{"embeddable":true,"href":"https:\/\/zonalimitrofe-cbnr.com\/index.php\/wp-json\/wp\/v2\/media\/25228"}],"wp:attachment":[{"href":"https:\/\/zonalimitrofe-cbnr.com\/index.php\/wp-json\/wp\/v2\/media?parent=25227"}],"wp:term":[{"taxonomy":"category","embeddable":true,"href":"https:\/\/zonalimitrofe-cbnr.com\/index.php\/wp-json\/wp\/v2\/categories?post=25227"},{"taxonomy":"post_tag","embeddable":true,"href":"https:\/\/zonalimitrofe-cbnr.com\/index.php\/wp-json\/wp\/v2\/tags?post=25227"}],"curies":[{"name":"wp","href":"https:\/\/api.w.org\/{rel}","templated":true}]}}