{"id":25221,"date":"2025-09-16T16:58:34","date_gmt":"2025-09-16T22:58:34","guid":{"rendered":"https:\/\/zonalimitrofe-cbnr.com\/?p=25221"},"modified":"2025-09-16T16:58:36","modified_gmt":"2025-09-16T22:58:36","slug":"lerdo-susy-torrecillas-dio-grito-de-independencia-ante-mas-de-30-mil-lerdenses","status":"publish","type":"post","link":"https:\/\/zonalimitrofe-cbnr.com\/index.php\/2025\/09\/16\/lerdo-susy-torrecillas-dio-grito-de-independencia-ante-mas-de-30-mil-lerdenses\/","title":{"rendered":"#Lerdo. SUSY TORRECILLAS DIO GRITO DE INDEPENDENCIA ANTE M\u00c1S DE 30 MIL LERDENSES*"},"content":{"rendered":"\n<p>Lerdo, 15 de septiembre 2025.- Desde el balc\u00f3n de la Presidencia Municipal, la Alcaldesa de Lerdo Susy Carolina Torrecillas Salazar dio el Grito de Dolores en punto de las 23:30 horas, para conmemorar el 215 Aniversario del inicio de la Independencia de M\u00e9xico, ante la presencia de m\u00e1s de 30 mil espectadores.<\/p>\n\n\n\n<p>Acompa\u00f1ado por su esposo, el exalcalde Homero Mart\u00ednez Cabrera, el General de Brigada Edilberto Jasso Godoy y regidores del R. Ayuntamiento, Susy Torrecillas recibi\u00f3 el l\u00e1baro patrio de la escolta del Mando Especial en el Sal\u00f3n Azul, marcando el inicio oficial del protocolo.<\/p>\n\n\n\n<p>Previo al acto protocolario, la Presienta Municipal ofreci\u00f3 un discurso en el tradicional brindis, donde agradeci\u00f3 la participaci\u00f3n de los directores y funcionarios del Ayuntamiento, y record\u00f3 a los h\u00e9roes que nos dieron patria y libertad.<\/p>\n\n\n\n<p>Marcando el inicio oficial del protocolo, ya en el balc\u00f3n, la Alcaldesa de Lerdo pronunci\u00f3 el tradicional Grito de Independencia, y onde\u00f3 la Bandera Nacional Mexicana.<\/p>\n\n\n\n<p>&#8220;\u00a1Mexicanas y mexicanos! \u00a1Vivan los h\u00e9roes que nos dieron patria y libertad! \u00a1Viva Miguel Hidalgo y Costilla! \u00a1Viva Jos\u00e9 Mar\u00eda Morelos y Pav\u00f3n! \u00a1Viva Josefa Ortiz de Dom\u00ednguez! \u00a1Viva Allende! \u00a1Viva Aldama! \u00a1Viva Vicente Guerrero! \u00a1Viva Leona Vicario! \u00a1Viva la soberan\u00eda nacional! \u00a1Viva la justicia! \u00a1Viva la paz! \u00a1Viva Lerdo! \u00a1Viva Durango! \u00a1Viva M\u00e9xico! \u00a1Viva M\u00e9xico! \u00a1Viva M\u00e9xico!&#8221;<\/p>\n\n\n\n<p>En seguida, el cielo se ilumin\u00f3 de destellos dorados, verdes, blancos y rojos, ante el deslumbrante show de pirotecnia. La multitud respondi\u00f3 con entusiasmo, aplausos y ovaciones, mientras disfrutaba del evento. Y el grupo &#8220;Zenda Norte\u00f1a&#8221; dio realce a la noche poniendo a bailar a todos los presentes, mientras Susy Torrecillas sal\u00eda a la plaza principal para disfrutar de la verbena popular y degustar de los antojitos tradicionales.<\/p>\n\n\n\n<p>En esta gran noche, de ambiente festivo, lleno de color y verbena popular, tambi\u00e9n se cont\u00f3 con la participaci\u00f3n de grandes artistas como el Grupo Musical PM Norte\u00f1o, Valerio Gayt\u00e1n, Edith Lamas, Jorge Torvay, Mariachi Garibaldi, entre otros, quienes avivaron el \u00e1nimo de la gente que se congreg\u00f3 en el Paseo Sarabia, la plaza principal y las calles aleda\u00f1as para celebrar con Patriotismo y alegr\u00eda la Independencia de M\u00e9xico.<\/p>\n\n\n\n<p>El Grito de Independencia se desarroll\u00f3 simult\u00e1neamente en las villas del municipio, encabezado por directivos del Ayuntamiento y Presidentes de Villa. Durante este importante acto se cont\u00f3 con la coordinaci\u00f3n de Protecci\u00f3n Civil, la Direcci\u00f3n de Seguridad P\u00fablica Municipal, Tr\u00e1nsito y Vialidad, DIF, Salud Municipal, Prevenci\u00f3n Social y las diferentes \u00e1reas operativas, las cuales se encargaron de garantizar la tranquilidad, seguridad y sana convivencia de los presentes.<\/p>\n","protected":false},"excerpt":{"rendered":"<p>Lerdo, 15 de septiembre 2025.- Desde el balc\u00f3n de la Presidencia Municipal, la Alcaldesa de Lerdo Susy Carolina Torrecillas Salazar dio el Grito de Dolores en punto de las 23:30 horas, para conmemorar el 215 Aniversario del inicio de la Independencia de M\u00e9xico, ante la presencia de m\u00e1s de 30 mil espectadores. Acompa\u00f1ado por su [&hellip;]<\/p>\n","protected":false},"author":1,"featured_media":25222,"comment_status":"open","ping_status":"open","sticky":false,"template":"","format":"standard","meta":{"_monsterinsights_skip_tracking":false,"_monsterinsights_sitenote_active":false,"_monsterinsights_sitenote_note":"","_monsterinsights_sitenote_category":0,"footnotes":""},"categories":[1],"tags":[],"_links":{"self":[{"href":"https:\/\/zonalimitrofe-cbnr.com\/index.php\/wp-json\/wp\/v2\/posts\/25221"}],"collection":[{"href":"https:\/\/zonalimitrofe-cbnr.com\/index.php\/wp-json\/wp\/v2\/posts"}],"about":[{"href":"https:\/\/zonalimitrofe-cbnr.com\/index.php\/wp-json\/wp\/v2\/types\/post"}],"author":[{"embeddable":true,"href":"https:\/\/zonalimitrofe-cbnr.com\/index.php\/wp-json\/wp\/v2\/users\/1"}],"replies":[{"embeddable":true,"href":"https:\/\/zonalimitrofe-cbnr.com\/index.php\/wp-json\/wp\/v2\/comments?post=25221"}],"version-history":[{"count":1,"href":"https:\/\/zonalimitrofe-cbnr.com\/index.php\/wp-json\/wp\/v2\/posts\/25221\/revisions"}],"predecessor-version":[{"id":25223,"href":"https:\/\/zonalimitrofe-cbnr.com\/index.php\/wp-json\/wp\/v2\/posts\/25221\/revisions\/25223"}],"wp:featuredmedia":[{"embeddable":true,"href":"https:\/\/zonalimitrofe-cbnr.com\/index.php\/wp-json\/wp\/v2\/media\/25222"}],"wp:attachment":[{"href":"https:\/\/zonalimitrofe-cbnr.com\/index.php\/wp-json\/wp\/v2\/media?parent=25221"}],"wp:term":[{"taxonomy":"category","embeddable":true,"href":"https:\/\/zonalimitrofe-cbnr.com\/index.php\/wp-json\/wp\/v2\/categories?post=25221"},{"taxonomy":"post_tag","embeddable":true,"href":"https:\/\/zonalimitrofe-cbnr.com\/index.php\/wp-json\/wp\/v2\/tags?post=25221"}],"curies":[{"name":"wp","href":"https:\/\/api.w.org\/{rel}","templated":true}]}}