{"id":25218,"date":"2025-09-16T16:55:50","date_gmt":"2025-09-16T22:55:50","guid":{"rendered":"https:\/\/zonalimitrofe-cbnr.com\/?p=25218"},"modified":"2025-09-16T16:55:51","modified_gmt":"2025-09-16T22:55:51","slug":"durango-gobernador-esteban-villegas-dio-el-grito-de-independencia-en-la-plaza-iv-centenario-ante-miles-de-familias","status":"publish","type":"post","link":"https:\/\/zonalimitrofe-cbnr.com\/index.php\/2025\/09\/16\/durango-gobernador-esteban-villegas-dio-el-grito-de-independencia-en-la-plaza-iv-centenario-ante-miles-de-familias\/","title":{"rendered":"#Durango. Gobernador Esteban Villegas dio el Grito de Independencia en la Plaza IV Centenario ante miles de familias*"},"content":{"rendered":"\n<p>* _La ceremonia patri\u00f3tica reuni\u00f3 a autoridades, Ej\u00e9rcito y sociedad civil en un ambiente de unidad y orgullo mexicano._<\/p>\n\n\n\n<p>* _Bronco cerr\u00f3 la velada con un gran concierto que hizo vibrar a la capital._<\/p>\n\n\n\n<p>Con la Plaza IV Centenario repleta de familias y un ambiente de unidad y fervor patrio, el gobernador Esteban Villegas Villarreal y su esposa, Marisol Rosso Rivera, presidenta del DIF Estatal, encabezaron la tradicional ceremonia del Grito de Independencia la noche del lunes 15 de septiembre en el Museo \u201cFrancisco Villa\u201d.<\/p>\n\n\n\n<p>El acto protocolario inici\u00f3 con los honores a la Bandera por parte de la banda de guerra del Ej\u00e9rcito y la escolta militar, que entreg\u00f3 el l\u00e1baro patrio al mandatario estatal. Puntualmente a las 23:00 horas, Villegas Villarreal sali\u00f3 al balc\u00f3n principal acompa\u00f1ado de Marisol, as\u00ed como del General de Brigada E.M. Salvador Alvarado Ram\u00edrez, comandante de la D\u00e9cima Zona Militar, y su esposa Elizabeth Hern\u00e1ndez Morales; el diputado Ernesto Alan\u00eds Herrera, presidente de la Junta de Gobierno y Coordinaci\u00f3n Pol\u00edtica del Congreso del Estado; el magistrado Manuel Valadez D\u00edaz, presidente del Tribunal Superior de Justicia; y el alcalde de Durango, To\u00f1o Ochoa Rodr\u00edguez.<\/p>\n\n\n\n<p>Con emoci\u00f3n y firmeza, el Gobernador toc\u00f3 la campana y onde\u00f3 la Bandera nacional para lanzar la arenga: \u201c\u00a1Viva la Independencia, vivan los h\u00e9roes que nos dieron patria y libertad, viva Hidalgo, viva Morelos, viva Do\u00f1a Josefa Ortiz de Dom\u00ednguez, viva Allende, viva Aldama, viva Vicente Guerrero, viva Guadalupe Victoria, viva Durango, viva M\u00e9xico, viva M\u00e9xico, viva M\u00e9xico!\u201d.<\/p>\n\n\n\n<p>Tras entonar el Himno Nacional, el cielo de la capital se ilumin\u00f3 con los tradicionales fuegos artificiales, que hicieron vibrar de emoci\u00f3n a los asistentes.<\/p>\n\n\n\n<p>Para cerrar con broche de oro, los duranguenses disfrutaron del concierto del grupo Bronco, que interpret\u00f3 \u00e9xitos como \u201cAmigo Bronco\u201d, \u201cOro\u201d y \u201cM\u00edrenla\u201d, en una velada que reforz\u00f3 el esp\u00edritu de orgullo y mexicanidad.<br><\/p>\n","protected":false},"excerpt":{"rendered":"<p>* _La ceremonia patri\u00f3tica reuni\u00f3 a autoridades, Ej\u00e9rcito y sociedad civil en un ambiente de unidad y orgullo mexicano._ * _Bronco cerr\u00f3 la velada con un gran concierto que hizo vibrar a la capital._ Con la Plaza IV Centenario repleta de familias y un ambiente de unidad y fervor patrio, el gobernador Esteban Villegas Villarreal [&hellip;]<\/p>\n","protected":false},"author":1,"featured_media":25219,"comment_status":"open","ping_status":"open","sticky":false,"template":"","format":"standard","meta":{"_monsterinsights_skip_tracking":false,"_monsterinsights_sitenote_active":false,"_monsterinsights_sitenote_note":"","_monsterinsights_sitenote_category":0,"footnotes":""},"categories":[1],"tags":[],"_links":{"self":[{"href":"https:\/\/zonalimitrofe-cbnr.com\/index.php\/wp-json\/wp\/v2\/posts\/25218"}],"collection":[{"href":"https:\/\/zonalimitrofe-cbnr.com\/index.php\/wp-json\/wp\/v2\/posts"}],"about":[{"href":"https:\/\/zonalimitrofe-cbnr.com\/index.php\/wp-json\/wp\/v2\/types\/post"}],"author":[{"embeddable":true,"href":"https:\/\/zonalimitrofe-cbnr.com\/index.php\/wp-json\/wp\/v2\/users\/1"}],"replies":[{"embeddable":true,"href":"https:\/\/zonalimitrofe-cbnr.com\/index.php\/wp-json\/wp\/v2\/comments?post=25218"}],"version-history":[{"count":1,"href":"https:\/\/zonalimitrofe-cbnr.com\/index.php\/wp-json\/wp\/v2\/posts\/25218\/revisions"}],"predecessor-version":[{"id":25220,"href":"https:\/\/zonalimitrofe-cbnr.com\/index.php\/wp-json\/wp\/v2\/posts\/25218\/revisions\/25220"}],"wp:featuredmedia":[{"embeddable":true,"href":"https:\/\/zonalimitrofe-cbnr.com\/index.php\/wp-json\/wp\/v2\/media\/25219"}],"wp:attachment":[{"href":"https:\/\/zonalimitrofe-cbnr.com\/index.php\/wp-json\/wp\/v2\/media?parent=25218"}],"wp:term":[{"taxonomy":"category","embeddable":true,"href":"https:\/\/zonalimitrofe-cbnr.com\/index.php\/wp-json\/wp\/v2\/categories?post=25218"},{"taxonomy":"post_tag","embeddable":true,"href":"https:\/\/zonalimitrofe-cbnr.com\/index.php\/wp-json\/wp\/v2\/tags?post=25218"}],"curies":[{"name":"wp","href":"https:\/\/api.w.org\/{rel}","templated":true}]}}