{"id":25215,"date":"2025-09-16T16:52:13","date_gmt":"2025-09-16T22:52:13","guid":{"rendered":"https:\/\/zonalimitrofe-cbnr.com\/?p=25215"},"modified":"2025-09-16T16:52:13","modified_gmt":"2025-09-16T22:52:13","slug":"torreon-roman-alberto-cepeda-gonzalez-encabeza-en-torreon-el-215-aniversario-delgrito-de-la-independencia-de-mexico","status":"publish","type":"post","link":"https:\/\/zonalimitrofe-cbnr.com\/index.php\/2025\/09\/16\/torreon-roman-alberto-cepeda-gonzalez-encabeza-en-torreon-el-215-aniversario-delgrito-de-la-independencia-de-mexico\/","title":{"rendered":"#Torre\u00f3n. Rom\u00e1n Alberto Cepeda Gonz\u00e1lez encabeza en Torre\u00f3n el 215 aniversario delGrito de la Independencia de M\u00e9xico"},"content":{"rendered":"\n<p><br>Torre\u00f3n, Coahuila a 15 de abril del 2025<br>El alcalde Rom\u00e1n Alberto Cepeda Gonz\u00e1lez presidi\u00f3 la ceremonia de los 215 a\u00f1os<br>del Grito de la Independencia de M\u00e9xico, desde el balc\u00f3n de la Plaza Mayor,<br>evento que tambi\u00e9n enmarca el 118 aniversario de Torre\u00f3n como ciudad.<br>M\u00e1s de 110 mil personas asistieron esta noche a la ceremonia del Grito de<br>Independencia en Torre\u00f3n.<br>A las 22:00 horas dio inicio el acto c\u00edvico con el Toque de Diana por parte de la<br>Banda de Guerra del 33 Batall\u00f3n de Infanter\u00eda.<br>El comisario Alfredo Flores Originales, director de Seguridad P\u00fablica Municipal,<br>realiz\u00f3 la entrega de Bandera Nacional a la Escolta Militar del 33 Batall\u00f3n de<br>Infanter\u00eda, quienes realizaron el protocolo de abanderamiento, ante un lleno total<br>en la Plaza Mayor.<br>Luego del protocolo inicial, el Presidente Municipal recibi\u00f3 de manos de la escolta<br>la Bandera Nacional, para dirigirse despu\u00e9s al balc\u00f3n preparado para la<br>ceremonia.<br>Frente a los miles de ciudadanos congregados en la Plaza Mayor, Rom\u00e1n Alberto<br>Cepeda Gonz\u00e1lez record\u00f3 en su arenga a los h\u00e9roes patrios: \u00a1Mexicanos! \u00a1Vivan<br>los h\u00e9roes que nos dieron patria y libertad! \u00a1Viva Hidalgo! \u00a1Viva Morelos! \u00a1Viva<br>Josefa Ortiz de Dom\u00ednguez! \u00a1Viva Allende! \u00a1Viva Aldama! \u00a1Viva la independencia<br>nacional! \u00a1Viva Torre\u00f3n! \u00a1Viva Coahuila! \u00a1Viva M\u00e9xico! \u00a1Viva M\u00e9xico! \u00a1Viva M\u00e9xico!<br>Posteriormente, el Alcalde toc\u00f3 la campana y onde\u00f3 la Bandera Nacional, para<br>luego entonar respetuosamente el Himno Nacional Mexicano, junto con las<br>autoridades civiles y militares.<br>Los miles de ciudadanos congregados en la Plaza Mayor tambi\u00e9n gritaron los<br>vivas y entonaron el glorioso Himno Nacional Mexicano.<br>Para concluir la ceremonia, el alcalde Rom\u00e1n Alberto Cepeda Gonz\u00e1lez hizo<br>entrega del l\u00e1baro patrio a la Escolta Militar del 33 Batall\u00f3n de Infanter\u00eda, para su<br>posterior resguardo a cargo del director de Seguridad P\u00fablica Municipal.<br>Al t\u00e9rmino del acto c\u00edvico, inici\u00f3 el espect\u00e1culo de pirotecnia y luces l\u00e1ser desde la<br>parte superior del edificio de la Presidencia Municipal, para el disfrute de las<br>familias de Torre\u00f3n que se dieron cita esta noche.<br>En la conmemoraci\u00f3n del Grito de Independencia, el alcalde Rom\u00e1n Alberto<br>Cepeda Gonz\u00e1lez estuvo acompa\u00f1ado por su esposa, la Se\u00f1ora Selina Bremer de<br>Cepeda, presidenta honoraria del Sistema para el Desarrollo Integral de la Familia<br>(DIF) Torre\u00f3n, y sus hijos, as\u00ed como del General de Brigada Gaudencio Garc\u00eda<br>Rodr\u00edguez, Jefe del Estado Mayor de la Onceava Regi\u00f3n Militar, y el general de<br>brigada, diplomado de Estado Mayor, Jos\u00e9 Luis Sedano Ram\u00edrez, coordinador<br>regional noroeste de la Guardia Nacional.<\/p>\n","protected":false},"excerpt":{"rendered":"<p>Torre\u00f3n, Coahuila a 15 de abril del 2025El alcalde Rom\u00e1n Alberto Cepeda Gonz\u00e1lez presidi\u00f3 la ceremonia de los 215 a\u00f1osdel Grito de la Independencia de M\u00e9xico, desde el balc\u00f3n de la Plaza Mayor,evento que tambi\u00e9n enmarca el 118 aniversario de Torre\u00f3n como ciudad.M\u00e1s de 110 mil personas asistieron esta noche a la ceremonia del Grito [&hellip;]<\/p>\n","protected":false},"author":1,"featured_media":25216,"comment_status":"open","ping_status":"open","sticky":false,"template":"","format":"standard","meta":{"_monsterinsights_skip_tracking":false,"_monsterinsights_sitenote_active":false,"_monsterinsights_sitenote_note":"","_monsterinsights_sitenote_category":0,"footnotes":""},"categories":[1],"tags":[],"_links":{"self":[{"href":"https:\/\/zonalimitrofe-cbnr.com\/index.php\/wp-json\/wp\/v2\/posts\/25215"}],"collection":[{"href":"https:\/\/zonalimitrofe-cbnr.com\/index.php\/wp-json\/wp\/v2\/posts"}],"about":[{"href":"https:\/\/zonalimitrofe-cbnr.com\/index.php\/wp-json\/wp\/v2\/types\/post"}],"author":[{"embeddable":true,"href":"https:\/\/zonalimitrofe-cbnr.com\/index.php\/wp-json\/wp\/v2\/users\/1"}],"replies":[{"embeddable":true,"href":"https:\/\/zonalimitrofe-cbnr.com\/index.php\/wp-json\/wp\/v2\/comments?post=25215"}],"version-history":[{"count":1,"href":"https:\/\/zonalimitrofe-cbnr.com\/index.php\/wp-json\/wp\/v2\/posts\/25215\/revisions"}],"predecessor-version":[{"id":25217,"href":"https:\/\/zonalimitrofe-cbnr.com\/index.php\/wp-json\/wp\/v2\/posts\/25215\/revisions\/25217"}],"wp:featuredmedia":[{"embeddable":true,"href":"https:\/\/zonalimitrofe-cbnr.com\/index.php\/wp-json\/wp\/v2\/media\/25216"}],"wp:attachment":[{"href":"https:\/\/zonalimitrofe-cbnr.com\/index.php\/wp-json\/wp\/v2\/media?parent=25215"}],"wp:term":[{"taxonomy":"category","embeddable":true,"href":"https:\/\/zonalimitrofe-cbnr.com\/index.php\/wp-json\/wp\/v2\/categories?post=25215"},{"taxonomy":"post_tag","embeddable":true,"href":"https:\/\/zonalimitrofe-cbnr.com\/index.php\/wp-json\/wp\/v2\/tags?post=25215"}],"curies":[{"name":"wp","href":"https:\/\/api.w.org\/{rel}","templated":true}]}}