{"id":25212,"date":"2025-09-16T16:46:57","date_gmt":"2025-09-16T22:46:57","guid":{"rendered":"https:\/\/zonalimitrofe-cbnr.com\/?p=25212"},"modified":"2025-09-16T16:46:57","modified_gmt":"2025-09-16T22:46:57","slug":"coahuila-viva-la-calidad-de-vida-de-coahuila-viva-mexico","status":"publish","type":"post","link":"https:\/\/zonalimitrofe-cbnr.com\/index.php\/2025\/09\/16\/coahuila-viva-la-calidad-de-vida-de-coahuila-viva-mexico\/","title":{"rendered":"#Coahuila. \u00a1VIVA LA CALIDAD DE VIDA DE COAHUILA. VIVA M\u00c9XICO!"},"content":{"rendered":"\n<p>\u00b7 Encabeza gobernador Manolo Jim\u00e9nez la ceremonia en la que se conmemor\u00f3 el 215 aniversario del inicio del movimiento de Independencia<\/p>\n\n\n\n<p>Saltillo, Coahuila de Zaragoza; a 15 de septiembre de 2025.- Desde Palacio de Gobierno en la capital de Coahuila, el gobernador Manolo Jim\u00e9nez Salinas encabez\u00f3 la ceremonia con la que se conmemor\u00f3 el 215 Aniversario del inicio del movimiento de Independencia de M\u00e9xico, al dar el tradicional Grito ante miles de coahuilenses que se reunieron en la plancha de la plaza de armas de Saltillo.<\/p>\n\n\n\n<p>Acompa\u00f1ado en el balc\u00f3n principal por Paola Rodr\u00edguez L\u00f3pez, presidenta honoraria de Inspira Coahuila, y flanqueado por los titulares de los poderes Legislativo y Judicial, as\u00ed como por mandos militares y de instituciones de seguridad estatales, el Jefe del Ejecutivo Estatal en su arenga agradeci\u00f3 y reconoci\u00f3 el trabajo en equipo de las y los coahuilenses, gracias al cual hoy vivimos en un estado seguro, con gran desarrollo y oportunidades.<\/p>\n\n\n\n<p>\u201c\u00a1Mexicanos! \u00a1Coahuilenses! \u00a1Vivan los h\u00e9roes que nos dieron patria y libertad! \u00a1Viva Hidalgo! \u00a1Viva Morelos! \u00a1Viva Josefa Ortiz de Dom\u00ednguez! \u00a1Viva Allende! \u00a1Viva M\u00fazquiz! \u00a1Viva nuestra independencia nacional! \u00a1Vivan las familias de Coahuila! \u00a1Viva la calidad de vida de Coahuila! \u00a1Vivan los 38 Municipios! \u00a1Viva Saltillo! \u00a1Viva Coahuila! \u00a1Viva M\u00e9xico! \u00a1Viva M\u00e9xico! \u00a1Viva M\u00e9xico!\u201d.<\/p>\n\n\n\n<p>Tras de su arenga, el gobernador Manolo Jim\u00e9nez toc\u00f3 en tres ocasiones la r\u00e9plica de la Campana de Dolores y luego onde\u00f3 la bandera nacional frente a los miles de coahuilenses que asistieron a vivir esta fiesta de las y los mexicanos.<\/p>\n\n\n\n<p>Posteriormente, luego de cantar de manera respetuosa y al un\u00edsono el Himno Nacional Mexicano, el Mandatario estatal entreg\u00f3 nuestro l\u00e1baro patrio a la escolta del 69 Batall\u00f3n de Infanter\u00eda.<\/p>\n\n\n\n<p>Acto seguido, el gobernador Manolo Jim\u00e9nez regres\u00f3 al balc\u00f3n principal para presenciar el espect\u00e1culo de pirotecnia que se pudo apreciar desde varios puntos de la capital de Coahuila.<\/p>\n\n\n\n<p>De nueva cuenta, a esta fiesta fueron invitados por el Gobernador de Coahuila 50 coahuilenses de las cinco regiones de la entidad para vivir este Grito de Independencia desde el interior de Palacio de Gobierno.<\/p>\n\n\n\n<p>El movimiento de Independencia inici\u00f3 la madrugada del 16 de septiembre de 1810 en el pueblo de Dolores, en el Estado de Guanajuato, y culmin\u00f3 con la entrada del Ej\u00e9rcito Trigarante a la Ciudad de M\u00e9xico el 27 de septiembre de 1821.<\/p>\n\n\n\n<p>En esta ceremonia en la que se conmemor\u00f3 el 215 Aniversario del inicio del movimiento de la Independencia de M\u00e9xico, acompa\u00f1aron al gobernador Luz Elena Morales N\u00fa\u00f1ez, diputada presidenta de la Junta de Gobierno del Congreso Local; Miguel Felipe Mery Ayup, magistrado presidente del Tribunal Superior de Justicia; General Brigadier EM Francisco Acu\u00f1a D\u00edaz; Coronel de Artiller\u00eda EM \u00d3scar Antonio Gonz\u00e1lez Dom\u00ednguez; y el alcalde de Saltillo, Javier D\u00edaz Gonz\u00e1lez.<\/p>\n","protected":false},"excerpt":{"rendered":"<p>\u00b7 Encabeza gobernador Manolo Jim\u00e9nez la ceremonia en la que se conmemor\u00f3 el 215 aniversario del inicio del movimiento de Independencia Saltillo, Coahuila de Zaragoza; a 15 de septiembre de 2025.- Desde Palacio de Gobierno en la capital de Coahuila, el gobernador Manolo Jim\u00e9nez Salinas encabez\u00f3 la ceremonia con la que se conmemor\u00f3 el 215 [&hellip;]<\/p>\n","protected":false},"author":1,"featured_media":25213,"comment_status":"open","ping_status":"open","sticky":false,"template":"","format":"standard","meta":{"_monsterinsights_skip_tracking":false,"_monsterinsights_sitenote_active":false,"_monsterinsights_sitenote_note":"","_monsterinsights_sitenote_category":0,"footnotes":""},"categories":[1],"tags":[],"_links":{"self":[{"href":"https:\/\/zonalimitrofe-cbnr.com\/index.php\/wp-json\/wp\/v2\/posts\/25212"}],"collection":[{"href":"https:\/\/zonalimitrofe-cbnr.com\/index.php\/wp-json\/wp\/v2\/posts"}],"about":[{"href":"https:\/\/zonalimitrofe-cbnr.com\/index.php\/wp-json\/wp\/v2\/types\/post"}],"author":[{"embeddable":true,"href":"https:\/\/zonalimitrofe-cbnr.com\/index.php\/wp-json\/wp\/v2\/users\/1"}],"replies":[{"embeddable":true,"href":"https:\/\/zonalimitrofe-cbnr.com\/index.php\/wp-json\/wp\/v2\/comments?post=25212"}],"version-history":[{"count":1,"href":"https:\/\/zonalimitrofe-cbnr.com\/index.php\/wp-json\/wp\/v2\/posts\/25212\/revisions"}],"predecessor-version":[{"id":25214,"href":"https:\/\/zonalimitrofe-cbnr.com\/index.php\/wp-json\/wp\/v2\/posts\/25212\/revisions\/25214"}],"wp:featuredmedia":[{"embeddable":true,"href":"https:\/\/zonalimitrofe-cbnr.com\/index.php\/wp-json\/wp\/v2\/media\/25213"}],"wp:attachment":[{"href":"https:\/\/zonalimitrofe-cbnr.com\/index.php\/wp-json\/wp\/v2\/media?parent=25212"}],"wp:term":[{"taxonomy":"category","embeddable":true,"href":"https:\/\/zonalimitrofe-cbnr.com\/index.php\/wp-json\/wp\/v2\/categories?post=25212"},{"taxonomy":"post_tag","embeddable":true,"href":"https:\/\/zonalimitrofe-cbnr.com\/index.php\/wp-json\/wp\/v2\/tags?post=25212"}],"curies":[{"name":"wp","href":"https:\/\/api.w.org\/{rel}","templated":true}]}}