{"id":25197,"date":"2025-09-15T18:54:20","date_gmt":"2025-09-16T00:54:20","guid":{"rendered":"https:\/\/zonalimitrofe-cbnr.com\/?p=25197"},"modified":"2025-09-15T18:54:20","modified_gmt":"2025-09-16T00:54:20","slug":"lerdo-anuncia-susy-torrecillas-operativo-vial-festejo-seguro-por-dias-patrios","status":"publish","type":"post","link":"https:\/\/zonalimitrofe-cbnr.com\/index.php\/2025\/09\/15\/lerdo-anuncia-susy-torrecillas-operativo-vial-festejo-seguro-por-dias-patrios\/","title":{"rendered":"#Lerdo. ANUNCIA SUSY TORRECILLAS OPERATIVO VIAL \u201cFESTEJO SEGURO\u201d POR D\u00cdAS PATRIOS*"},"content":{"rendered":"\n<p>Lerdo, 15 de septiembre de 2025.- La Presidenta Municipal de Lerdo, Susy Carolina Torrecillas Salazar, anunci\u00f3 este lunes que con el objetivo de salvaguardar la vida de los ciudadanos y evitar accidentes derivados del consumo de alcohol, la Direcci\u00f3n de Tr\u00e1nsito y Vialidad desplegar\u00e1 un operativo preventivo de alcoholimetr\u00eda durante las fiestas patrias \u201cFestejo Seguro\u201d.<\/p>\n\n\n\n<p>La Alcaldesa reiter\u00f3 que el operativo ser\u00e1 cien por ciento preventivo, exhortando a la ciudadan\u00eda a no conducir bajo los efectos del alcohol y a designar a un conductor responsable para trasladarse de manera segura durante las celebraciones.<\/p>\n\n\n\n<p>Los agentes viales estar\u00e1n presentes en diferentes puntos de la ciudad, resguardando la integridad de los automovilistas y mejorando el flujo vehicular en las principales vialidades.<\/p>\n\n\n\n<p>Asimismo, el director de Tr\u00e1nsito y Vialidad, Francisco de Hoyos Mart\u00ednez, inform\u00f3 que con motivo del Desfile del 16 de septiembre, se implementar\u00e1n restricciones viales desde temprana hora. Se notificar\u00e1 a los vecinos de calles como la avenida Sarabia para evitar estacionar sus veh\u00edculos y permitir el libre paso del contingente c\u00edvico-militar.<\/p>\n\n\n\n<p>La Presidenta Municipal invit\u00f3 a los lerdenses a disfrutar de los festejos patrios con responsabilidad, priorizando siempre la seguridad de sus familias y de toda la comunidad.<\/p>\n","protected":false},"excerpt":{"rendered":"<p>Lerdo, 15 de septiembre de 2025.- La Presidenta Municipal de Lerdo, Susy Carolina Torrecillas Salazar, anunci\u00f3 este lunes que con el objetivo de salvaguardar la vida de los ciudadanos y evitar accidentes derivados del consumo de alcohol, la Direcci\u00f3n de Tr\u00e1nsito y Vialidad desplegar\u00e1 un operativo preventivo de alcoholimetr\u00eda durante las fiestas patrias \u201cFestejo Seguro\u201d. [&hellip;]<\/p>\n","protected":false},"author":1,"featured_media":25198,"comment_status":"open","ping_status":"open","sticky":false,"template":"","format":"standard","meta":{"_monsterinsights_skip_tracking":false,"_monsterinsights_sitenote_active":false,"_monsterinsights_sitenote_note":"","_monsterinsights_sitenote_category":0,"footnotes":""},"categories":[1],"tags":[],"_links":{"self":[{"href":"https:\/\/zonalimitrofe-cbnr.com\/index.php\/wp-json\/wp\/v2\/posts\/25197"}],"collection":[{"href":"https:\/\/zonalimitrofe-cbnr.com\/index.php\/wp-json\/wp\/v2\/posts"}],"about":[{"href":"https:\/\/zonalimitrofe-cbnr.com\/index.php\/wp-json\/wp\/v2\/types\/post"}],"author":[{"embeddable":true,"href":"https:\/\/zonalimitrofe-cbnr.com\/index.php\/wp-json\/wp\/v2\/users\/1"}],"replies":[{"embeddable":true,"href":"https:\/\/zonalimitrofe-cbnr.com\/index.php\/wp-json\/wp\/v2\/comments?post=25197"}],"version-history":[{"count":1,"href":"https:\/\/zonalimitrofe-cbnr.com\/index.php\/wp-json\/wp\/v2\/posts\/25197\/revisions"}],"predecessor-version":[{"id":25199,"href":"https:\/\/zonalimitrofe-cbnr.com\/index.php\/wp-json\/wp\/v2\/posts\/25197\/revisions\/25199"}],"wp:featuredmedia":[{"embeddable":true,"href":"https:\/\/zonalimitrofe-cbnr.com\/index.php\/wp-json\/wp\/v2\/media\/25198"}],"wp:attachment":[{"href":"https:\/\/zonalimitrofe-cbnr.com\/index.php\/wp-json\/wp\/v2\/media?parent=25197"}],"wp:term":[{"taxonomy":"category","embeddable":true,"href":"https:\/\/zonalimitrofe-cbnr.com\/index.php\/wp-json\/wp\/v2\/categories?post=25197"},{"taxonomy":"post_tag","embeddable":true,"href":"https:\/\/zonalimitrofe-cbnr.com\/index.php\/wp-json\/wp\/v2\/tags?post=25197"}],"curies":[{"name":"wp","href":"https:\/\/api.w.org\/{rel}","templated":true}]}}