{"id":25191,"date":"2025-09-15T18:42:31","date_gmt":"2025-09-16T00:42:31","guid":{"rendered":"https:\/\/zonalimitrofe-cbnr.com\/?p=25191"},"modified":"2025-09-15T18:42:31","modified_gmt":"2025-09-16T00:42:31","slug":"torreon-roman-alberto-cepeda-gonzalez-reconoce-a-ciudadania-distinguida-2025","status":"publish","type":"post","link":"https:\/\/zonalimitrofe-cbnr.com\/index.php\/2025\/09\/15\/torreon-roman-alberto-cepeda-gonzalez-reconoce-a-ciudadania-distinguida-2025\/","title":{"rendered":"#Torre\u00f3n. Rom\u00e1n Alberto Cepeda Gonz\u00e1lez reconoce a Ciudadan\u00eda Distinguida 2025"},"content":{"rendered":"\n<p>Torre\u00f3n, Coahuila. A 15 de septiembre de 2025<\/p>\n\n\n\n<p>Con motivo del 118 aniversario de Torre\u00f3n como ciudad, el alcalde Rom\u00e1n Alberto Cepeda Gonz\u00e1lez entreg\u00f3 las preseas a la Ciudadan\u00eda Distinguida 2025 durante la Segunda Sesi\u00f3n Solemne de Cabildo, la cual se llev\u00f3 a cabo en la Plaza Pe\u00f1oles del Museo Arocena a las 10:00 horas.<\/p>\n\n\n\n<p>El Presidente Municipal, acompa\u00f1ado de la presidenta honoraria del DIF Coahuila, Liliana Salinas Vald\u00e9s, en representaci\u00f3n del gobernador Manolo Jim\u00e9nez Salinas; y regidores y s\u00edndicas del Ayuntamiento, entregaron las preseas a quienes destacaron por sus altos m\u00e9ritos, trayectoria y aportaciones en beneficio de la sociedad, las ciencias, la educaci\u00f3n, la literatura y el deporte.<\/p>\n\n\n\n<p>En su mensaje, el Alcalde reconoci\u00f3 la labor de los galardonados \u201cnos reunimos para rendir un merecido homenaje a aquellos que se han distinguido por su gran contribuci\u00f3n a nuestra sociedad y a nuestra ciudad. En este recinto, en el mero coraz\u00f3n de Torre\u00f3n, celebramos esta ocasi\u00f3n que nos llena de orgullo y de esperanza, las preseas a la Ciudadan\u00eda Distinguida\u201d.<\/p>\n\n\n\n<p>Dijo que se trata de un reconocimiento a la grandeza de quienes con su ejemplo ponen el alto el nombre de Torre\u00f3n, ciudad que avanza con rumbo y con paso firme, y que se consolida como una potencia econ\u00f3mica de Coahuila y del norte de M\u00e9xico, al ser generadora de inversi\u00f3n y de empleo.<\/p>\n\n\n\n<p>El Alcalde resalt\u00f3 que Torre\u00f3n es un lugar donde las empresas conf\u00edan, por las condiciones de certeza y seguridad que ofrece la ciudad, y que se logran tambi\u00e9n gracias a la estrecha coordinaci\u00f3n con el gobernador Manolo Jim\u00e9nez Salinas.<\/p>\n\n\n\n<p>Rom\u00e1n Alberto Cepeda Gonz\u00e1lez dijo que en Torre\u00f3n se impulsa la obra social y el desarrollo comunitario, se invierte en grandes obras y acciones en beneficio de cada una de las colonias, con programas como la rehabilitaci\u00f3n de plazas, construcci\u00f3n de techumbres, labores de infraestructura estrat\u00e9gica, vialidades, y el fortalecimiento de la competitividad.<\/p>\n\n\n\n<p>El Presidente Municipal se\u00f1al\u00f3 que lo m\u00e1s m\u00e1s valioso de Torre\u00f3n es su gente, orgullo y legado de la ciudad. \u201cDetr\u00e1s de cada logro, obra y avance, est\u00e1n las mujeres y hombres que con su esfuerzo diario hacen posible el crecimiento de esta ciudad que justo hoy cumple 118 a\u00f1os. Estas preseas adquieren un significado especial, son un reconocimiento simb\u00f3lico por su ejemplo que nos inspira a no<\/p>\n\n\n\n<p>conformarnos, a dar siempre m\u00e1s, a crear y a creer que Torre\u00f3n siempre puede m\u00e1s\u201d.<\/p>\n\n\n\n<p>En representaci\u00f3n de los galardonados, Beatriz Eugenia Villarreal Gonz\u00e1lez, dedic\u00f3 su reconocimiento a sus padres, y agradeci\u00f3 al Alcalde y la se\u00f1ora Selina Bremer de Cepeda, presidenta honoraria de DIF Torre\u00f3n, por su liderazgo y compromiso con la comunidad.<\/p>\n\n\n\n<p>La presea Paca de Oro, que se otorga a la ciudadana que haya destacado en actos de beneficencia social o al servicio de la comunidad, fue entregada en esta ocasi\u00f3n a Beatriz Eugenia Villarreal Gonz\u00e1lez, por destacada labor en la docencia.<\/p>\n\n\n\n<p>La medalla de oro, entregada al ciudadano que haya sobresalido en actos de beneficencia social o al servicio de la comunidad, fue para el presb\u00edtero V\u00edctor Manuel G\u00f3mez Hern\u00e1ndez, con m\u00e1s de 30 a\u00f1os dedicado al servicio de la fe.<\/p>\n\n\n\n<p>Adem\u00e1s, se entreg\u00f3 la medalla Bulmaro Valdez Anaya, que se otorga a la persona eminente en labores cient\u00edficas, a Nagamani Balagurusamy por su compromiso con la ciencia, la educaci\u00f3n y el medio ambiente.<\/p>\n\n\n\n<p>La medalla de oro post mortem fue para Alfonso Garibay Fern\u00e1ndez, quien fund\u00f3 el Instituto de Audici\u00f3n y Lenguaje, dedicado a rehabilitar a ni\u00f1os con sordera; adem\u00e1s dej\u00f3 un importante legado en el arte teatral. Recibi\u00f3 el reconocimiento su hermana, Cristina Garibay Fern\u00e1ndez.<\/p>\n\n\n\n<p>La medalla Magdalena Mondrag\u00f3n, que se destina a la persona destacada en labores art\u00edsticas, literarias o culturales, fue entregada este a\u00f1o a Luisa Fernanda Villegas Camil, promotora del desarrollo cultural de la ciudad.<\/p>\n\n\n\n<p>El trofeo de cristal que se otorga a la persona destacada en el campo deportivo, fue para Luis Carlos P\u00e9rez Cabello, piloto profesional de automovilismo, quien ha participado en competencias internacionales.<\/p>\n\n\n\n<p>El trofeo de cristal para las personas con discapacidad, destinado a quien haya destacado en el campo deportivo, se entreg\u00f3 a \u00c1ngel de Jes\u00fas Medina Cruz, ejemplo de pasi\u00f3n, disciplina y constancia, ganador de medallas de oro, plata y bronce en competencias de atletismo y futbol.<\/p>\n\n\n\n<p>El trofeo ni\u00f1os h\u00e9roes que se otorga a la persona menor de 18 a\u00f1os que destaque ya sea en una o varias disciplinas deportivas o que sobresalga por sus m\u00e9ritos sociales o acad\u00e9micos, fue para Evelyn Fernanda Carrillo Luna.<\/p>\n\n\n\n<p>El trofeo ni\u00f1os h\u00e9roes con discapacidad fue para Zayra Cecilia Castillo Ib\u00e1\u00f1ez, destacada atleta de nataci\u00f3n.<\/p>\n\n\n\n<p>Una vez agotados los puntos del orden del d\u00eda, se dio por clausurada la Segunda Sesi\u00f3n Solemne del Cabildo de Torre\u00f3n, en la que se cont\u00f3 con la participaci\u00f3n de la Escolta y la Banda de Guerra del 33 Batall\u00f3n de Infanter\u00eda.<\/p>\n","protected":false},"excerpt":{"rendered":"<p>Torre\u00f3n, Coahuila. A 15 de septiembre de 2025 Con motivo del 118 aniversario de Torre\u00f3n como ciudad, el alcalde Rom\u00e1n Alberto Cepeda Gonz\u00e1lez entreg\u00f3 las preseas a la Ciudadan\u00eda Distinguida 2025 durante la Segunda Sesi\u00f3n Solemne de Cabildo, la cual se llev\u00f3 a cabo en la Plaza Pe\u00f1oles del Museo Arocena a las 10:00 horas. [&hellip;]<\/p>\n","protected":false},"author":1,"featured_media":25192,"comment_status":"open","ping_status":"open","sticky":false,"template":"","format":"standard","meta":{"_monsterinsights_skip_tracking":false,"_monsterinsights_sitenote_active":false,"_monsterinsights_sitenote_note":"","_monsterinsights_sitenote_category":0,"footnotes":""},"categories":[1],"tags":[],"_links":{"self":[{"href":"https:\/\/zonalimitrofe-cbnr.com\/index.php\/wp-json\/wp\/v2\/posts\/25191"}],"collection":[{"href":"https:\/\/zonalimitrofe-cbnr.com\/index.php\/wp-json\/wp\/v2\/posts"}],"about":[{"href":"https:\/\/zonalimitrofe-cbnr.com\/index.php\/wp-json\/wp\/v2\/types\/post"}],"author":[{"embeddable":true,"href":"https:\/\/zonalimitrofe-cbnr.com\/index.php\/wp-json\/wp\/v2\/users\/1"}],"replies":[{"embeddable":true,"href":"https:\/\/zonalimitrofe-cbnr.com\/index.php\/wp-json\/wp\/v2\/comments?post=25191"}],"version-history":[{"count":1,"href":"https:\/\/zonalimitrofe-cbnr.com\/index.php\/wp-json\/wp\/v2\/posts\/25191\/revisions"}],"predecessor-version":[{"id":25193,"href":"https:\/\/zonalimitrofe-cbnr.com\/index.php\/wp-json\/wp\/v2\/posts\/25191\/revisions\/25193"}],"wp:featuredmedia":[{"embeddable":true,"href":"https:\/\/zonalimitrofe-cbnr.com\/index.php\/wp-json\/wp\/v2\/media\/25192"}],"wp:attachment":[{"href":"https:\/\/zonalimitrofe-cbnr.com\/index.php\/wp-json\/wp\/v2\/media?parent=25191"}],"wp:term":[{"taxonomy":"category","embeddable":true,"href":"https:\/\/zonalimitrofe-cbnr.com\/index.php\/wp-json\/wp\/v2\/categories?post=25191"},{"taxonomy":"post_tag","embeddable":true,"href":"https:\/\/zonalimitrofe-cbnr.com\/index.php\/wp-json\/wp\/v2\/tags?post=25191"}],"curies":[{"name":"wp","href":"https:\/\/api.w.org\/{rel}","templated":true}]}}