{"id":2519,"date":"2024-03-05T17:56:06","date_gmt":"2024-03-05T23:56:06","guid":{"rendered":"https:\/\/zonalimitrofe-cbnr.com\/?p=2519"},"modified":"2024-03-05T17:56:06","modified_gmt":"2024-03-05T23:56:06","slug":"uadec-operativo-contra-incendios-forestales-en-coahuila-contara-con-apoyo-de-la-universidad","status":"publish","type":"post","link":"https:\/\/zonalimitrofe-cbnr.com\/index.php\/2024\/03\/05\/uadec-operativo-contra-incendios-forestales-en-coahuila-contara-con-apoyo-de-la-universidad\/","title":{"rendered":"#UAdeC. Operativo contra Incendios Forestales en Coahuila contar\u00e1 con apoyo de la universidad."},"content":{"rendered":"\n<p>SALTILLO, Coahuila. 5 de marzo de 2024. Por su compromiso en el cuidado y preservaci\u00f3n del medio ambiente, la Universidad Aut\u00f3noma de Coahuila a trav\u00e9s de la Coordinaci\u00f3n General de Extensi\u00f3n Universitaria, Los Lobos al Rescate y la Coordinaci\u00f3n de Agenda Ambiental, participar\u00e1 en las actividades del Operativo contra Incendios Forestales del estado de Coahuila.<\/p>\n\n\n\n<p>La ceremonia tuvo lugar en el 69\u00b0 Batall\u00f3n de Infanter\u00eda y fue encabezada por el gobernador del estado, Manolo Jim\u00e9nez Salinas, con la asistencia del ej\u00e9rcito, brigadistas, bomberos, miembros de la sociedad civil, de instituciones educativas y del sector empresarial.<\/p>\n\n\n\n<p>El Plan Ejecutivo para el Combate de Incendios Forestales es coordinado por la Secretar\u00eda de Medio Ambiente de Coahuila, y tiene como objetivo instrumentar los mecanismos de coordinaci\u00f3n y participaci\u00f3n interinstitucional para la prevenci\u00f3n y control de incendios forestales.<\/p>\n\n\n\n<p>As\u00ed como, incrementar la eficiencia en el combate de incendios forestales, principalmente en siniestros provocados por el hombre, para disminuir los efectos negativos del fuego y propiciar la restauraci\u00f3n ecol\u00f3gica a trav\u00e9s del manejo integral del fuego.<\/p>\n\n\n\n<p>El rector de la m\u00e1xima casa de estudios, Octavio Pimentel Mart\u00ednez, coment\u00f3 que la Universidad se encuentra comprometida con la ciudadan\u00eda, y el sentido de pertenencia de Los Lobos involucra la participaci\u00f3n de la UAdeC en las problem\u00e1ticas que generan los incendios forestales.<\/p>\n\n\n\n<p>Comparti\u00f3 que Los Lobos al Rescate se iniciaron trabajando en brigadas de rescate en la Sierra de Zapalinam\u00e9, y se han ido consolidando para formar parte de acciones de prevenci\u00f3n como lo es este operativo.<\/p>\n\n\n\n<p>\u201cLo que queremos nosotros es seguir participando de una manera m\u00e1s activa en el tema de la prevenci\u00f3n y hacer conciencia entre los universitarios y la ciudadan\u00eda, porque cuando se requiera de Los Lobos al Rescate estar\u00e1n presentes en la medida de lo posible para apoyar en lo que sea necesario\u201d, dijo.<\/p>\n","protected":false},"excerpt":{"rendered":"<p>SALTILLO, Coahuila. 5 de marzo de 2024. Por su compromiso en el cuidado y preservaci\u00f3n del medio ambiente, la Universidad Aut\u00f3noma de Coahuila a trav\u00e9s de la Coordinaci\u00f3n General de Extensi\u00f3n Universitaria, Los Lobos al Rescate y la Coordinaci\u00f3n de Agenda Ambiental, participar\u00e1 en las actividades del Operativo contra Incendios Forestales del estado de Coahuila. [&hellip;]<\/p>\n","protected":false},"author":1,"featured_media":2520,"comment_status":"open","ping_status":"open","sticky":false,"template":"","format":"standard","meta":{"_monsterinsights_skip_tracking":false,"_monsterinsights_sitenote_active":false,"_monsterinsights_sitenote_note":"","_monsterinsights_sitenote_category":0,"footnotes":""},"categories":[1],"tags":[],"_links":{"self":[{"href":"https:\/\/zonalimitrofe-cbnr.com\/index.php\/wp-json\/wp\/v2\/posts\/2519"}],"collection":[{"href":"https:\/\/zonalimitrofe-cbnr.com\/index.php\/wp-json\/wp\/v2\/posts"}],"about":[{"href":"https:\/\/zonalimitrofe-cbnr.com\/index.php\/wp-json\/wp\/v2\/types\/post"}],"author":[{"embeddable":true,"href":"https:\/\/zonalimitrofe-cbnr.com\/index.php\/wp-json\/wp\/v2\/users\/1"}],"replies":[{"embeddable":true,"href":"https:\/\/zonalimitrofe-cbnr.com\/index.php\/wp-json\/wp\/v2\/comments?post=2519"}],"version-history":[{"count":1,"href":"https:\/\/zonalimitrofe-cbnr.com\/index.php\/wp-json\/wp\/v2\/posts\/2519\/revisions"}],"predecessor-version":[{"id":2521,"href":"https:\/\/zonalimitrofe-cbnr.com\/index.php\/wp-json\/wp\/v2\/posts\/2519\/revisions\/2521"}],"wp:featuredmedia":[{"embeddable":true,"href":"https:\/\/zonalimitrofe-cbnr.com\/index.php\/wp-json\/wp\/v2\/media\/2520"}],"wp:attachment":[{"href":"https:\/\/zonalimitrofe-cbnr.com\/index.php\/wp-json\/wp\/v2\/media?parent=2519"}],"wp:term":[{"taxonomy":"category","embeddable":true,"href":"https:\/\/zonalimitrofe-cbnr.com\/index.php\/wp-json\/wp\/v2\/categories?post=2519"},{"taxonomy":"post_tag","embeddable":true,"href":"https:\/\/zonalimitrofe-cbnr.com\/index.php\/wp-json\/wp\/v2\/tags?post=2519"}],"curies":[{"name":"wp","href":"https:\/\/api.w.org\/{rel}","templated":true}]}}