{"id":25188,"date":"2025-09-15T18:39:55","date_gmt":"2025-09-16T00:39:55","guid":{"rendered":"https:\/\/zonalimitrofe-cbnr.com\/?p=25188"},"modified":"2025-09-15T18:39:55","modified_gmt":"2025-09-16T00:39:55","slug":"coahuila-dif-coahuila-capacita-personal-de-salud-para-atencion-de-adicciones","status":"publish","type":"post","link":"https:\/\/zonalimitrofe-cbnr.com\/index.php\/2025\/09\/15\/coahuila-dif-coahuila-capacita-personal-de-salud-para-atencion-de-adicciones\/","title":{"rendered":"#Coahuila. DIF COAHUILA CAPACITA PERSONAL DE SALUD PARA ATENCI\u00d3N DE ADICCIONES"},"content":{"rendered":"\n<p>\u00b7 Como parte del programa &#8220;Vive Libre, Sin Drogas&#8221;, el DIF Coahuila impulsa la profesionalizaci\u00f3n en adicciones de personal de salud con el Diplomado Integral en Adicciones con Enfoque Cognitivo Conductual<\/p>\n\n\n\n<p>Saltillo, Coahuila; 14 de septiembre de 2025.- El Sistema para el Desarrollo Integral de la Familia y Protecci\u00f3n de Derechos del Estado de Coahuila de Zaragoza, en coordinaci\u00f3n con la Secretar\u00eda de Salud y la Coordinaci\u00f3n de Vinculaci\u00f3n e Innovaci\u00f3n Productiva y la Facultad de Enfermer\u00eda de la Universidad Aut\u00f3noma de Coahuila, dio inicio al Diplomado Integral en Adicciones con Enfoque Cognitivo Conductual, capacitando a mil 450 profesionales de la salud de las 5 regiones del estado.<\/p>\n\n\n\n<p>Acciones que forman parte de la Estrategia Estatal \u201cVive Libre, Sin Drogas\u201d, la cual busca fortalecer la prevenci\u00f3n, atenci\u00f3n y tratamiento de las adicciones, con un enfoque integral y humano.<\/p>\n\n\n\n<p>Liliana Salinas Vald\u00e9s, presidenta honoraria del DIF Coahuila, destac\u00f3 que este diplomado representa un paso firme hacia la consolidaci\u00f3n de un modelo integral de prevenci\u00f3n y atenci\u00f3n de las adicciones en el estado.<\/p>\n\n\n\n<p>\u201cDesde el DIF Coahuila trabajamos bajo la visi\u00f3n del gobernador Manolo Jim\u00e9nez Salinas para proteger a nuestras familias y dar nuevas oportunidades a quienes enfrentan esta situaci\u00f3n. La capacitaci\u00f3n y profesionalizaci\u00f3n son clave para responder con calidad y sensibilidad, y con ello brindar esperanza y nuevas posibilidades de vida a quienes m\u00e1s lo necesitan\u201d, expres\u00f3<\/p>\n\n\n\n<p>Durante el diplomado se ofrecieron conferencias de alto nivel, entre las que destacan \u201cAdicciones: prevalencia, impacto social y desaf\u00edos contempor\u00e1neos\u201d, impartida por la DCE.<\/p>\n\n\n\n<p>Eva Kerena Hern\u00e1ndez Mart\u00ednez en Saltillo y Monclova; \u201cMecanismos de acci\u00f3n en el primer contacto\u201d, a cargo de la Dra. Magdalena Campos Reyes, el Mtro. \u00d3scar Talamantes Becerra y la Dra. Teresita de Jes\u00fas Barrientos Narv\u00e1ez; adem\u00e1s de la conferencia magistral \u201cReingenier\u00eda Humana\u201d impartida por el conferencista internacional Omar Villalobos.<\/p>\n\n\n\n<p>El objetivo central de este diplomado es impulsar la profesionalizaci\u00f3n de psic\u00f3logos, m\u00e9dicos, trabajadores sociales y personal de salud, consolidando un pilar esencial para la atenci\u00f3n integral de las adicciones y la salud mental.<\/p>\n\n\n\n<p>Con ello, se busca que los equipos de atenci\u00f3n est\u00e9n mejor preparados para responder de manera efectiva y oportuna a las necesidades de la poblaci\u00f3n.<\/p>\n\n\n\n<p>La capacitaci\u00f3n contempla temas prioritarios como la consejeria en adicciones, psicoeducaci\u00f3n a familiares, as\u00ed como modelos de atenci\u00f3n psicol\u00f3gica y tratamiento, fortaleciendo el conocimiento y las herramientas de los profesionales de las cinco regiones del estado: Laguna, Sureste y Centro Desierto, Carbonifera y Norte.<\/p>\n\n\n\n<p>Con estas acciones, el Gobierno del Estado de Coahuila reafirma su compromiso con la salud mental, la prevenci\u00f3n de adicciones y la construcci\u00f3n de comunidades m\u00e1s fuertes y seguras, poniendo siempre en el centro a las ni\u00f1as, ni\u00f1os, adolescentes, j\u00f3venes y familias coahuilenses.<\/p>\n\n\n\n<p><\/p>\n","protected":false},"excerpt":{"rendered":"<p>\u00b7 Como parte del programa &#8220;Vive Libre, Sin Drogas&#8221;, el DIF Coahuila impulsa la profesionalizaci\u00f3n en adicciones de personal de salud con el Diplomado Integral en Adicciones con Enfoque Cognitivo Conductual Saltillo, Coahuila; 14 de septiembre de 2025.- El Sistema para el Desarrollo Integral de la Familia y Protecci\u00f3n de Derechos del Estado de Coahuila [&hellip;]<\/p>\n","protected":false},"author":1,"featured_media":25189,"comment_status":"open","ping_status":"open","sticky":false,"template":"","format":"standard","meta":{"_monsterinsights_skip_tracking":false,"_monsterinsights_sitenote_active":false,"_monsterinsights_sitenote_note":"","_monsterinsights_sitenote_category":0,"footnotes":""},"categories":[1],"tags":[],"_links":{"self":[{"href":"https:\/\/zonalimitrofe-cbnr.com\/index.php\/wp-json\/wp\/v2\/posts\/25188"}],"collection":[{"href":"https:\/\/zonalimitrofe-cbnr.com\/index.php\/wp-json\/wp\/v2\/posts"}],"about":[{"href":"https:\/\/zonalimitrofe-cbnr.com\/index.php\/wp-json\/wp\/v2\/types\/post"}],"author":[{"embeddable":true,"href":"https:\/\/zonalimitrofe-cbnr.com\/index.php\/wp-json\/wp\/v2\/users\/1"}],"replies":[{"embeddable":true,"href":"https:\/\/zonalimitrofe-cbnr.com\/index.php\/wp-json\/wp\/v2\/comments?post=25188"}],"version-history":[{"count":1,"href":"https:\/\/zonalimitrofe-cbnr.com\/index.php\/wp-json\/wp\/v2\/posts\/25188\/revisions"}],"predecessor-version":[{"id":25190,"href":"https:\/\/zonalimitrofe-cbnr.com\/index.php\/wp-json\/wp\/v2\/posts\/25188\/revisions\/25190"}],"wp:featuredmedia":[{"embeddable":true,"href":"https:\/\/zonalimitrofe-cbnr.com\/index.php\/wp-json\/wp\/v2\/media\/25189"}],"wp:attachment":[{"href":"https:\/\/zonalimitrofe-cbnr.com\/index.php\/wp-json\/wp\/v2\/media?parent=25188"}],"wp:term":[{"taxonomy":"category","embeddable":true,"href":"https:\/\/zonalimitrofe-cbnr.com\/index.php\/wp-json\/wp\/v2\/categories?post=25188"},{"taxonomy":"post_tag","embeddable":true,"href":"https:\/\/zonalimitrofe-cbnr.com\/index.php\/wp-json\/wp\/v2\/tags?post=25188"}],"curies":[{"name":"wp","href":"https:\/\/api.w.org\/{rel}","templated":true}]}}