{"id":25185,"date":"2025-09-15T18:36:28","date_gmt":"2025-09-16T00:36:28","guid":{"rendered":"https:\/\/zonalimitrofe-cbnr.com\/?p=25185"},"modified":"2025-09-15T18:36:29","modified_gmt":"2025-09-16T00:36:29","slug":"lerdo-encabeza-susy-torrecillas-acto-civico-por-215-aniversario-de-la-independencia-de-mexico","status":"publish","type":"post","link":"https:\/\/zonalimitrofe-cbnr.com\/index.php\/2025\/09\/15\/lerdo-encabeza-susy-torrecillas-acto-civico-por-215-aniversario-de-la-independencia-de-mexico\/","title":{"rendered":"#Lerdo. ENCABEZA SUSY TORRECILLAS ACTO C\u00cdVICO POR 215 ANIVERSARIO DE LA INDEPENDENCIA DE M\u00c9XICO*"},"content":{"rendered":"\n<p>Lerdo, 15 de septiembre 2025.\u2013 La Presidenta Municipal Susy Carolina Torrecillas Salazar, encabez\u00f3 este lunes la ceremonia c\u00edvica conmemorativa por el 215 aniversario de la Independencia de M\u00e9xico, realizada en la Plaza de Armas frente al asta bandera monumental.<\/p>\n\n\n\n<p>La Alcaldesa de Lerdo comparti\u00f3 cu\u00e1n importante es esta fecha para todos los mexicanos, y agradeci\u00f3 a los presentes por su asistencia para conmemorar la gesta heroica que dio origen a nuestra soberan\u00eda nacional.<\/p>\n\n\n\n<p>\u201cGracias a esos h\u00e9roes que nos dieron patria y libertad, hoy gozamos de muchos derechos todos los mexicanos y mexicanas. Hoy rendimos homenaje no solamente a quienes nos dieron patria, sino tambi\u00e9n a todos estos ideales que nos dieron igualdad, justicia, dignidad, soberan\u00eda\u201d<\/p>\n\n\n\n<p>Y dirigi\u00e9ndose a los directivos, regidores y todo su equipo de trabajo, los exhort\u00f3 a continuar trabajando por el crecimiento y desarrollo de Lerdo, en beneficio de toda su gente, \u201cAsumamos la responsabilidad de trabajar por un municipio, que es Lerdo: el tercer municipio m\u00e1s grande de todo el estado, y Lerdo merece la atenci\u00f3n, la concentraci\u00f3n, la disciplina, el honor y la vocaci\u00f3n de servicio de todos y cada uno de quienes estamos aqu\u00ed\u201d<\/p>\n\n\n\n<p>La Presidenta Municipal agreg\u00f3 que Lerdo es y seguir\u00e1 siendo promotor de los valores, as\u00ed como de la cultura y la historia.<\/p>\n\n\n\n<p>\u201cTenemos que luchar por un mejor M\u00e9xico, porque M\u00e9xico no nada m\u00e1s es historia, \u00a1M\u00e9xico es presente y futuro! \u00a1Que viva Lerdo! \u00a1Que viva la libertad! \u00a1Y que viva M\u00e9xico!\u201d finaliz\u00f3.<\/p>\n\n\n\n<p>Los honores a la bandera estuvieron a cargo de la escolta y la banda de guerra del Centro de Estudios Lerdo Contempor\u00e1neo (CELC). Posteriormente, los presentes entonaron el Himno Nacional Mexicano y el Himno del Estado de Durango.<\/p>\n\n\n\n<p>Enseguida, la alumna M\u00eda Molina del CELC, present\u00f3 una rese\u00f1a hist\u00f3rica, recordando los sucesos que dieron inicio a la lucha por la Independencia y resaltando la importancia de mantener vivos estos acontecimientos en la memoria comunitaria.<\/p>\n\n\n\n<p>En el espacio cultural, el grupo coral del CELC interpret\u00f3 \u201cFiesta del Mariachi\u201d, evocando el esp\u00edritu festivo de las tradiciones mexicanas; mientras que el grupo folkl\u00f3rico del mismo instituto present\u00f3 un cuadro representativo del estado de Sinaloa, que aport\u00f3 un matiz regional a la conmemoraci\u00f3n.<\/p>\n\n\n\n<p>Para finalizar el acto c\u00edvico, se llev\u00f3 a cabo la colocaci\u00f3n de la ofrenda floral y la guardia de honor en memoria de los h\u00e9roes de la Independencia, rindiendo tributo a su sacrificio y legado hist\u00f3rico.<\/p>\n\n\n\n<p>La Presidenta Municipal Susy Torrecillas estuvo acompa\u00f1ada la diputada local Ana Mar\u00eda Dur\u00f3n; la S\u00edndica Municipal Esmirna Guti\u00e9rrez; el secretario del Ayuntamiento, Aldo Rubio; el secretario t\u00e9cnico, Juan Jos\u00e9 Carrillo; el primer regidor, Carlos Cruz; la directora del DIF, Rita Loza; autoridades municipales, educativas y civiles.<\/p>\n","protected":false},"excerpt":{"rendered":"<p>Lerdo, 15 de septiembre 2025.\u2013 La Presidenta Municipal Susy Carolina Torrecillas Salazar, encabez\u00f3 este lunes la ceremonia c\u00edvica conmemorativa por el 215 aniversario de la Independencia de M\u00e9xico, realizada en la Plaza de Armas frente al asta bandera monumental. La Alcaldesa de Lerdo comparti\u00f3 cu\u00e1n importante es esta fecha para todos los mexicanos, y agradeci\u00f3 [&hellip;]<\/p>\n","protected":false},"author":1,"featured_media":25186,"comment_status":"open","ping_status":"open","sticky":false,"template":"","format":"standard","meta":{"_monsterinsights_skip_tracking":false,"_monsterinsights_sitenote_active":false,"_monsterinsights_sitenote_note":"","_monsterinsights_sitenote_category":0,"footnotes":""},"categories":[1],"tags":[],"_links":{"self":[{"href":"https:\/\/zonalimitrofe-cbnr.com\/index.php\/wp-json\/wp\/v2\/posts\/25185"}],"collection":[{"href":"https:\/\/zonalimitrofe-cbnr.com\/index.php\/wp-json\/wp\/v2\/posts"}],"about":[{"href":"https:\/\/zonalimitrofe-cbnr.com\/index.php\/wp-json\/wp\/v2\/types\/post"}],"author":[{"embeddable":true,"href":"https:\/\/zonalimitrofe-cbnr.com\/index.php\/wp-json\/wp\/v2\/users\/1"}],"replies":[{"embeddable":true,"href":"https:\/\/zonalimitrofe-cbnr.com\/index.php\/wp-json\/wp\/v2\/comments?post=25185"}],"version-history":[{"count":1,"href":"https:\/\/zonalimitrofe-cbnr.com\/index.php\/wp-json\/wp\/v2\/posts\/25185\/revisions"}],"predecessor-version":[{"id":25187,"href":"https:\/\/zonalimitrofe-cbnr.com\/index.php\/wp-json\/wp\/v2\/posts\/25185\/revisions\/25187"}],"wp:featuredmedia":[{"embeddable":true,"href":"https:\/\/zonalimitrofe-cbnr.com\/index.php\/wp-json\/wp\/v2\/media\/25186"}],"wp:attachment":[{"href":"https:\/\/zonalimitrofe-cbnr.com\/index.php\/wp-json\/wp\/v2\/media?parent=25185"}],"wp:term":[{"taxonomy":"category","embeddable":true,"href":"https:\/\/zonalimitrofe-cbnr.com\/index.php\/wp-json\/wp\/v2\/categories?post=25185"},{"taxonomy":"post_tag","embeddable":true,"href":"https:\/\/zonalimitrofe-cbnr.com\/index.php\/wp-json\/wp\/v2\/tags?post=25185"}],"curies":[{"name":"wp","href":"https:\/\/api.w.org\/{rel}","templated":true}]}}