{"id":25172,"date":"2025-09-14T16:15:07","date_gmt":"2025-09-14T22:15:07","guid":{"rendered":"https:\/\/zonalimitrofe-cbnr.com\/?p=25172"},"modified":"2025-09-14T16:15:08","modified_gmt":"2025-09-14T22:15:08","slug":"gp-avisa-gobierno-municipal-sobre-cierre-de-vialidades-por-festejos-patrios-en-gomez-palacio","status":"publish","type":"post","link":"https:\/\/zonalimitrofe-cbnr.com\/index.php\/2025\/09\/14\/gp-avisa-gobierno-municipal-sobre-cierre-de-vialidades-por-festejos-patrios-en-gomez-palacio\/","title":{"rendered":"#GP. Avisa gobierno municipal sobre cierre de vialidades por festejos patrios en G\u00f3mez Palacio"},"content":{"rendered":"\n<p><br>*Vialidad operar\u00e1 cortes a la circulaci\u00f3n el 14, 15 y 16 de septiembre en el sector Centro<br>El Ayuntamiento de G\u00f3mez Palacio inform\u00f3 sobre el cierre a la circulaci\u00f3n vehicular en diversas calles y avenidas del<br>primer cuadro de la ciudad por la verbena popular y ceremonia del Grito de Independencia, as\u00ed como el desfile del 215<br>aniversario de la independencia de M\u00e9xico.<br>Como se ha dado a conocer, la ceremonia del grito se llevar\u00e1 a cabo el lunes 15 de septiembre en la explanada frente a<br>la Presidencia Municipal, por lo que desde las 16:00 horas del domingo 14 se iniciar\u00e1n los trabajos de instalaci\u00f3n del<br>escenario principal, labores que obligar\u00e1n al cierre de la circulaci\u00f3n en la avenida Madero entre las calles Centenario y<br>Santiago Lav\u00edn.<br>Durante el lunes 15, debido a la verbena popular que se ha organizado, la circulaci\u00f3n vehicular se cerrar\u00e1, a partir de las<br>17:30 horas, en el circuito conformado entre las avenidas Vergel e Hidalgo, con las calles Santiago Lav\u00edn y Centenario,<br>en los cruces con las avenidas Madero, Allende, Victoria, Morelos.<br>El martes 16, por la realizaci\u00f3n del desfile conmemorativo del 215 aniversario de la Independencia de M\u00e9xico, la<br>circulaci\u00f3n vial se ver\u00e1 cerrada desde las 8:00 horas en el trayecto de los contingentes, el cual iniciar\u00e1 en las<br>inmediaciones del Parque Morelos, Ocampo y Ray\u00f3n, para seguir doblar a la derecha por avenida Victoria, doblar\u00e1 en la<br>calle Zaragoza y posteriormente en la avenida Madero, para pasar frente a Presidencia Municipal y concluir en la Calle<br>20 de Noviembre.<br>Se estima que la circulaci\u00f3n vial podr\u00eda regresar a su normalidad despu\u00e9s de las 13:00 horas del martes 16 de<br>septiembre, por lo que se solicita a la ciudadan\u00eda tomar las medidas necesarias ante esta eventualidad y evitar<br>afectaciones.<br>Por instrucciones de la Alcaldesa Betzab\u00e9 Mart\u00ednez Arango, la direcci\u00f3n de Seguridad P\u00fablica Municipal implementar\u00e1<br>operativos especiales para garantizar la integridad de las familias que acudan a disfrutar de los diferentes eventos que<br>se han programado con motivo de las fiestas patrias, generando espacios de convivencia segura para los<br>gomezpalatinos.<\/p>\n","protected":false},"excerpt":{"rendered":"<p>*Vialidad operar\u00e1 cortes a la circulaci\u00f3n el 14, 15 y 16 de septiembre en el sector CentroEl Ayuntamiento de G\u00f3mez Palacio inform\u00f3 sobre el cierre a la circulaci\u00f3n vehicular en diversas calles y avenidas delprimer cuadro de la ciudad por la verbena popular y ceremonia del Grito de Independencia, as\u00ed como el desfile del 215aniversario [&hellip;]<\/p>\n","protected":false},"author":1,"featured_media":25173,"comment_status":"open","ping_status":"open","sticky":false,"template":"","format":"standard","meta":{"_monsterinsights_skip_tracking":false,"_monsterinsights_sitenote_active":false,"_monsterinsights_sitenote_note":"","_monsterinsights_sitenote_category":0,"footnotes":""},"categories":[1],"tags":[],"_links":{"self":[{"href":"https:\/\/zonalimitrofe-cbnr.com\/index.php\/wp-json\/wp\/v2\/posts\/25172"}],"collection":[{"href":"https:\/\/zonalimitrofe-cbnr.com\/index.php\/wp-json\/wp\/v2\/posts"}],"about":[{"href":"https:\/\/zonalimitrofe-cbnr.com\/index.php\/wp-json\/wp\/v2\/types\/post"}],"author":[{"embeddable":true,"href":"https:\/\/zonalimitrofe-cbnr.com\/index.php\/wp-json\/wp\/v2\/users\/1"}],"replies":[{"embeddable":true,"href":"https:\/\/zonalimitrofe-cbnr.com\/index.php\/wp-json\/wp\/v2\/comments?post=25172"}],"version-history":[{"count":1,"href":"https:\/\/zonalimitrofe-cbnr.com\/index.php\/wp-json\/wp\/v2\/posts\/25172\/revisions"}],"predecessor-version":[{"id":25174,"href":"https:\/\/zonalimitrofe-cbnr.com\/index.php\/wp-json\/wp\/v2\/posts\/25172\/revisions\/25174"}],"wp:featuredmedia":[{"embeddable":true,"href":"https:\/\/zonalimitrofe-cbnr.com\/index.php\/wp-json\/wp\/v2\/media\/25173"}],"wp:attachment":[{"href":"https:\/\/zonalimitrofe-cbnr.com\/index.php\/wp-json\/wp\/v2\/media?parent=25172"}],"wp:term":[{"taxonomy":"category","embeddable":true,"href":"https:\/\/zonalimitrofe-cbnr.com\/index.php\/wp-json\/wp\/v2\/categories?post=25172"},{"taxonomy":"post_tag","embeddable":true,"href":"https:\/\/zonalimitrofe-cbnr.com\/index.php\/wp-json\/wp\/v2\/tags?post=25172"}],"curies":[{"name":"wp","href":"https:\/\/api.w.org\/{rel}","templated":true}]}}