{"id":25151,"date":"2025-09-14T15:50:32","date_gmt":"2025-09-14T21:50:32","guid":{"rendered":"https:\/\/zonalimitrofe-cbnr.com\/?p=25151"},"modified":"2025-09-14T16:20:29","modified_gmt":"2025-09-14T22:20:29","slug":"torreon-continua-la-restauracion-de-la-historica-fuente-del-pensador-en-torreon","status":"publish","type":"post","link":"https:\/\/zonalimitrofe-cbnr.com\/index.php\/2025\/09\/14\/torreon-continua-la-restauracion-de-la-historica-fuente-del-pensador-en-torreon\/","title":{"rendered":"#Torre\u00f3n. Contin\u00faa la restauraci\u00f3n de la hist\u00f3rica \u201cFuente del Pensador\u201d en Torre\u00f3n"},"content":{"rendered":"\n<p><strong>Torre\u00f3n, Coahuila. A 14 de septiembre de 2025.-<\/strong> Como parte de las labores para el embellecimiento de Torre\u00f3n, y la conservaci\u00f3n de los monumentos hist\u00f3ricos de la ciudad, personal de la Direcci\u00f3n General de Servicios P\u00fablicos mantiene labores de restauraci\u00f3n de la emblem\u00e1tica \u201cFuente del Pensador\u201d, ubicada en la Alameda Zaragoza. Fernando Villarreal Cu\u00e9llar, director de la dependencia, dio a conocer que los trabajos se realizan por etapas, comenzando por el vaso y las estructuras laterales, con el objetivo de devolverle su esplendor a este importante monumento de la ciudad. Indic\u00f3 que el proceso de restauraci\u00f3n es minucioso, y se lleva a cabo bajo las indicaciones del Instituto Nacional de Antropolog\u00eda e Historia (INAH), lo que garantiza la correcta preservaci\u00f3n del patrimonio hist\u00f3rico. En este sentido, dijo que la restauraci\u00f3n incluye el resane de la estructura interna y externa, as\u00ed como el pulido del escudo de bronce de Torre\u00f3n. \u201cLa pintura de la fuente, al ser un material especial clorado, requiere que los trabajos se realicen por la noche para evitar que el calor del d\u00eda genere burbujas, asegurando un acabado duradero y de alta calidad\u201d, explic\u00f3 el funcionario. Adem\u00e1s, tambi\u00e9n se realizan acciones de cuidado y mantenimiento de las \u00e1reas verdes de la Alameda, como parte de la labor permanente en los espacios p\u00fablicos de Torre\u00f3n, que son en beneficio de un aire m\u00e1s limpio y brindar zonas de recreaci\u00f3n seguras para la poblaci\u00f3n. Estas acciones est\u00e1n encaminadas al cumplimiento de los objetivos de la Administraci\u00f3n Municipal del alcalde Rom\u00e1n Alberto Cepeda Gonz\u00e1lez, el cual busca el rescate de espacios emblem\u00e1ticos que fortalezcan el tejido social, y preserven la historia e identidad de Torre\u00f3n.<\/p>\n","protected":false},"excerpt":{"rendered":"<p>Torre\u00f3n, Coahuila. A 14 de septiembre de 2025.- Como parte de las labores para el embellecimiento de Torre\u00f3n, y la conservaci\u00f3n de los monumentos hist\u00f3ricos de la ciudad, personal de la Direcci\u00f3n General de Servicios P\u00fablicos mantiene labores de restauraci\u00f3n de la emblem\u00e1tica \u201cFuente del Pensador\u201d, ubicada en la Alameda Zaragoza. Fernando Villarreal Cu\u00e9llar, director [&hellip;]<\/p>\n","protected":false},"author":1,"featured_media":25176,"comment_status":"open","ping_status":"open","sticky":false,"template":"","format":"standard","meta":{"_monsterinsights_skip_tracking":false,"_monsterinsights_sitenote_active":false,"_monsterinsights_sitenote_note":"","_monsterinsights_sitenote_category":0,"footnotes":""},"categories":[1],"tags":[],"_links":{"self":[{"href":"https:\/\/zonalimitrofe-cbnr.com\/index.php\/wp-json\/wp\/v2\/posts\/25151"}],"collection":[{"href":"https:\/\/zonalimitrofe-cbnr.com\/index.php\/wp-json\/wp\/v2\/posts"}],"about":[{"href":"https:\/\/zonalimitrofe-cbnr.com\/index.php\/wp-json\/wp\/v2\/types\/post"}],"author":[{"embeddable":true,"href":"https:\/\/zonalimitrofe-cbnr.com\/index.php\/wp-json\/wp\/v2\/users\/1"}],"replies":[{"embeddable":true,"href":"https:\/\/zonalimitrofe-cbnr.com\/index.php\/wp-json\/wp\/v2\/comments?post=25151"}],"version-history":[{"count":2,"href":"https:\/\/zonalimitrofe-cbnr.com\/index.php\/wp-json\/wp\/v2\/posts\/25151\/revisions"}],"predecessor-version":[{"id":25178,"href":"https:\/\/zonalimitrofe-cbnr.com\/index.php\/wp-json\/wp\/v2\/posts\/25151\/revisions\/25178"}],"wp:featuredmedia":[{"embeddable":true,"href":"https:\/\/zonalimitrofe-cbnr.com\/index.php\/wp-json\/wp\/v2\/media\/25176"}],"wp:attachment":[{"href":"https:\/\/zonalimitrofe-cbnr.com\/index.php\/wp-json\/wp\/v2\/media?parent=25151"}],"wp:term":[{"taxonomy":"category","embeddable":true,"href":"https:\/\/zonalimitrofe-cbnr.com\/index.php\/wp-json\/wp\/v2\/categories?post=25151"},{"taxonomy":"post_tag","embeddable":true,"href":"https:\/\/zonalimitrofe-cbnr.com\/index.php\/wp-json\/wp\/v2\/tags?post=25151"}],"curies":[{"name":"wp","href":"https:\/\/api.w.org\/{rel}","templated":true}]}}