{"id":25136,"date":"2025-09-13T13:52:33","date_gmt":"2025-09-13T19:52:33","guid":{"rendered":"https:\/\/zonalimitrofe-cbnr.com\/?p=25136"},"modified":"2025-09-13T13:52:33","modified_gmt":"2025-09-13T19:52:33","slug":"gp-ejercito-mexicano-y-gobierno-gomezpalatino-rinden-emotivo-tributo-a-los-ninos-heroes-de-chapultepec","status":"publish","type":"post","link":"https:\/\/zonalimitrofe-cbnr.com\/index.php\/2025\/09\/13\/gp-ejercito-mexicano-y-gobierno-gomezpalatino-rinden-emotivo-tributo-a-los-ninos-heroes-de-chapultepec\/","title":{"rendered":"#GP. Ej\u00e9rcito Mexicano y Gobierno gomezpalatino rinden emotivo tributo a los Ni\u00f1os H\u00e9roes de Chapultepec"},"content":{"rendered":"\n<p><br>*Programa c\u00edvico estuvo a cargo de elemento de la SEDENA<br>Con la destacada participaci\u00f3n de mandos y elementos de la Secretar\u00eda de la Defensa Nacional, Guardia Nacional y<br>Ayuntamiento de G\u00f3mez Palacio se llev\u00f3 a cabo el acto c\u00edvico conmemorativo por el 178 aniversario de la Gesta Heroica<br>de los Ni\u00f1os H\u00e9roes de Chapultepec.<br>La ceremonia fue encabezada por la Presidenta Municipal Betzab\u00e9 Mart\u00ednez Arango, acompa\u00f1ada por el General<br>Brigadier de Estado Mayor Edilberto Jasso Godoy, comandante de Mando Especial Laguna, el coronel Fernando Rosas<br>Clemente, comandante del 72 Batall\u00f3n de Infanter\u00eda, en un acto en el que se rindi\u00f3 tributo a los cadetes del Heroico<br>Colegio Militar que ofrendaron su vida al ser la \u00faltima resistencia ante el embate de las tropas estadounidenses.<br>Asistieron a este acto el subsecretario de Educaci\u00f3n en La Laguna de Durango, Fernando Ulises Adame de Le\u00f3n, el<br>diputado federal Juan Moreno y los legisladores locales Alejandra del Valle y Alejandro Mata, adem\u00e1s del s\u00edndico, Juan<br>Gonz\u00e1lez D\u00edaz; y el secretario del Ayuntamiento, Aldo Mac\u00edas Franco, as\u00ed como regidoras, regidores y funcionarios de la<br>Administraci\u00f3n Municipal.<br>El acto c\u00edvico corri\u00f3 a cargo del 72 Batall\u00f3n de Infanter\u00eda, cuyos elementos rindieron honores con su banda de guerra,<br>escolta y un pelot\u00f3n que ejecut\u00f3 el tradicional tiro de salvas en memoria de los cadetes ca\u00eddos el 13 de septiembre de<br>1847 durante la invasi\u00f3n estadounidense al Castillo de Chapultepec. Participaron tambi\u00e9n alumnos de nivel primaria con<br>coros y poes\u00edas alusivas a los cadetes del Colegio Militar.<br>La Presidenta Municipal reafirm\u00f3 el compromiso de su gobierno con el fortalecimiento de los valores patrios y la memoria<br>hist\u00f3rica, destacando la importancia de rendir tributo a quienes defendieron con valent\u00eda la soberan\u00eda nacional.<br>Este acto forma parte de la agenda c\u00edvica organizada por el Gobierno Municipal en el marco del Mes Patrio, reafirmando<br>el esp\u00edritu de unidad, identidad y respeto por los h\u00e9roes que han forjado la historia de M\u00e9xico.<\/p>\n","protected":false},"excerpt":{"rendered":"<p>*Programa c\u00edvico estuvo a cargo de elemento de la SEDENACon la destacada participaci\u00f3n de mandos y elementos de la Secretar\u00eda de la Defensa Nacional, Guardia Nacional yAyuntamiento de G\u00f3mez Palacio se llev\u00f3 a cabo el acto c\u00edvico conmemorativo por el 178 aniversario de la Gesta Heroicade los Ni\u00f1os H\u00e9roes de Chapultepec.La ceremonia fue encabezada por [&hellip;]<\/p>\n","protected":false},"author":1,"featured_media":25137,"comment_status":"open","ping_status":"open","sticky":false,"template":"","format":"standard","meta":{"_monsterinsights_skip_tracking":false,"_monsterinsights_sitenote_active":false,"_monsterinsights_sitenote_note":"","_monsterinsights_sitenote_category":0,"footnotes":""},"categories":[1],"tags":[],"_links":{"self":[{"href":"https:\/\/zonalimitrofe-cbnr.com\/index.php\/wp-json\/wp\/v2\/posts\/25136"}],"collection":[{"href":"https:\/\/zonalimitrofe-cbnr.com\/index.php\/wp-json\/wp\/v2\/posts"}],"about":[{"href":"https:\/\/zonalimitrofe-cbnr.com\/index.php\/wp-json\/wp\/v2\/types\/post"}],"author":[{"embeddable":true,"href":"https:\/\/zonalimitrofe-cbnr.com\/index.php\/wp-json\/wp\/v2\/users\/1"}],"replies":[{"embeddable":true,"href":"https:\/\/zonalimitrofe-cbnr.com\/index.php\/wp-json\/wp\/v2\/comments?post=25136"}],"version-history":[{"count":1,"href":"https:\/\/zonalimitrofe-cbnr.com\/index.php\/wp-json\/wp\/v2\/posts\/25136\/revisions"}],"predecessor-version":[{"id":25138,"href":"https:\/\/zonalimitrofe-cbnr.com\/index.php\/wp-json\/wp\/v2\/posts\/25136\/revisions\/25138"}],"wp:featuredmedia":[{"embeddable":true,"href":"https:\/\/zonalimitrofe-cbnr.com\/index.php\/wp-json\/wp\/v2\/media\/25137"}],"wp:attachment":[{"href":"https:\/\/zonalimitrofe-cbnr.com\/index.php\/wp-json\/wp\/v2\/media?parent=25136"}],"wp:term":[{"taxonomy":"category","embeddable":true,"href":"https:\/\/zonalimitrofe-cbnr.com\/index.php\/wp-json\/wp\/v2\/categories?post=25136"},{"taxonomy":"post_tag","embeddable":true,"href":"https:\/\/zonalimitrofe-cbnr.com\/index.php\/wp-json\/wp\/v2\/tags?post=25136"}],"curies":[{"name":"wp","href":"https:\/\/api.w.org\/{rel}","templated":true}]}}