{"id":25123,"date":"2025-09-13T13:30:16","date_gmt":"2025-09-13T19:30:16","guid":{"rendered":"https:\/\/zonalimitrofe-cbnr.com\/?p=25123"},"modified":"2025-09-13T13:30:17","modified_gmt":"2025-09-13T19:30:17","slug":"torreon-emiten-recomendaciones-para-los-festejos-del-grito-de-independencia","status":"publish","type":"post","link":"https:\/\/zonalimitrofe-cbnr.com\/index.php\/2025\/09\/13\/torreon-emiten-recomendaciones-para-los-festejos-del-grito-de-independencia\/","title":{"rendered":"#Torre\u00f3n. Emiten recomendaciones para los festejos del Grito de Independencia"},"content":{"rendered":"\n<p>Torre\u00f3n, Coahuila. A 13 de septiembre de 2025<\/p>\n\n\n\n<p>Como parte de los festejos patrios y el 118 aniversario de la ciudad, este lunes 15 de septiembre se llevar\u00e1 a cabo el tradicional Grito de Independencia en la explanada de la Plaza Mayor en Torre\u00f3n.<\/p>\n\n\n\n<p>Elementos de las direcciones de Protecci\u00f3n Civil y Bomberos, Seguridad P\u00fablica, Vialidad y Movilidad Urbana, as\u00ed como Salud Municipal y Plazas y Mercados, tendr\u00e1n presencia en el per\u00edmetro de la explanada de la Plaza Mayor, para cubrir todas las zonas y garantizar la paz y el orden durante estas fiestas de la ceremonia del Grito de Independencia.<\/p>\n\n\n\n<p>Jorge Luis Ju\u00e1rez Llanas, director de Protecci\u00f3n Civil y Bomberos de Torre\u00f3n, se\u00f1al\u00f3 que se espera la asistencia de m\u00e1s de 80 mil personas en la explanada de la Plaza Mayor.<\/p>\n\n\n\n<p>Indic\u00f3 que dentro de las recomendaciones a los asistentes est\u00e1 el llegar con tiempo, y acudir con ropa y calzado c\u00f3modo. El acceso ser\u00e1 a partir de las 18:00 horas.<\/p>\n\n\n\n<p>Tambi\u00e9n exhort\u00f3 a los padres de familia a tener a la vista y bien cuidados a los peque\u00f1itos para evitar que se puedan extraviar o que tengan alg\u00fan percance.<\/p>\n\n\n\n<p>&#8220;Se recomienda a los asistentes tener especial cuidado con los ni\u00f1os para evitar que se pierdan de vista en el evento multitudinario. Adem\u00e1s, prestar atenci\u00f3n a los adultos mayores para evitar ca\u00eddas o incidentes&#8221;, manifest\u00f3.<\/p>\n\n\n\n<p>Ju\u00e1rez Llanas resalt\u00f3 que est\u00e1 prohibido ingresar con objetos punzocortantes o que puedan utilizarse como instrumentos de agresi\u00f3n como l\u00e1pices, plumas o paraguas.<\/p>\n\n\n\n<p>Tambi\u00e9n dijo que se llevar\u00e1 a cabo una revisi\u00f3n de la instalaci\u00f3n de gas y electricidad en los puestos de venta de alimentos, as\u00ed como de la seguridad en la colocaci\u00f3n de la pirotecnia.<\/p>\n\n\n\n<p>El director asegur\u00f3 que estar\u00e1n establecidos puntos estrat\u00e9gicos para brindar atenci\u00f3n en \u00e1reas de salud, hidrataci\u00f3n y para ni\u00f1os perdidos.<\/p>\n\n\n\n<p>&#8220;Habr\u00e1 presencia de ambulancias fijas en lugares estrat\u00e9gicos y otras m\u00e1s fuera del per\u00edmetro en caso de que sea necesario, tener una salida r\u00e1pida&#8221;, coment\u00f3.<\/p>\n\n\n\n<p>Finalmente, dijo que en atenci\u00f3n a la instrucci\u00f3n del alcalde Rom\u00e1n Alberto Cepeda Gonz\u00e1lez, las dependencias municipales trabajar\u00e1n de manera coordinada con las<\/p>\n\n\n\n<p>del Estado, para mantener el orden y la paz social durante estos festejos en donde la noche del 15 de septiembre se presentar\u00e1 en la ciudad el grupo musical \u201cIntocable\u201d.<\/p>\n","protected":false},"excerpt":{"rendered":"<p>Torre\u00f3n, Coahuila. A 13 de septiembre de 2025 Como parte de los festejos patrios y el 118 aniversario de la ciudad, este lunes 15 de septiembre se llevar\u00e1 a cabo el tradicional Grito de Independencia en la explanada de la Plaza Mayor en Torre\u00f3n. Elementos de las direcciones de Protecci\u00f3n Civil y Bomberos, Seguridad P\u00fablica, [&hellip;]<\/p>\n","protected":false},"author":1,"featured_media":25124,"comment_status":"open","ping_status":"open","sticky":false,"template":"","format":"standard","meta":{"_monsterinsights_skip_tracking":false,"_monsterinsights_sitenote_active":false,"_monsterinsights_sitenote_note":"","_monsterinsights_sitenote_category":0,"footnotes":""},"categories":[1],"tags":[],"_links":{"self":[{"href":"https:\/\/zonalimitrofe-cbnr.com\/index.php\/wp-json\/wp\/v2\/posts\/25123"}],"collection":[{"href":"https:\/\/zonalimitrofe-cbnr.com\/index.php\/wp-json\/wp\/v2\/posts"}],"about":[{"href":"https:\/\/zonalimitrofe-cbnr.com\/index.php\/wp-json\/wp\/v2\/types\/post"}],"author":[{"embeddable":true,"href":"https:\/\/zonalimitrofe-cbnr.com\/index.php\/wp-json\/wp\/v2\/users\/1"}],"replies":[{"embeddable":true,"href":"https:\/\/zonalimitrofe-cbnr.com\/index.php\/wp-json\/wp\/v2\/comments?post=25123"}],"version-history":[{"count":1,"href":"https:\/\/zonalimitrofe-cbnr.com\/index.php\/wp-json\/wp\/v2\/posts\/25123\/revisions"}],"predecessor-version":[{"id":25125,"href":"https:\/\/zonalimitrofe-cbnr.com\/index.php\/wp-json\/wp\/v2\/posts\/25123\/revisions\/25125"}],"wp:featuredmedia":[{"embeddable":true,"href":"https:\/\/zonalimitrofe-cbnr.com\/index.php\/wp-json\/wp\/v2\/media\/25124"}],"wp:attachment":[{"href":"https:\/\/zonalimitrofe-cbnr.com\/index.php\/wp-json\/wp\/v2\/media?parent=25123"}],"wp:term":[{"taxonomy":"category","embeddable":true,"href":"https:\/\/zonalimitrofe-cbnr.com\/index.php\/wp-json\/wp\/v2\/categories?post=25123"},{"taxonomy":"post_tag","embeddable":true,"href":"https:\/\/zonalimitrofe-cbnr.com\/index.php\/wp-json\/wp\/v2\/tags?post=25123"}],"curies":[{"name":"wp","href":"https:\/\/api.w.org\/{rel}","templated":true}]}}