{"id":25111,"date":"2025-09-12T17:02:12","date_gmt":"2025-09-12T23:02:12","guid":{"rendered":"https:\/\/zonalimitrofe-cbnr.com\/?p=25111"},"modified":"2025-09-12T17:02:12","modified_gmt":"2025-09-12T23:02:12","slug":"gp-continuan-los-esfuerzos-a-favor-de-la-paz-y-seguridad-en-gomez-palacio-y-la-laguna","status":"publish","type":"post","link":"https:\/\/zonalimitrofe-cbnr.com\/index.php\/2025\/09\/12\/gp-continuan-los-esfuerzos-a-favor-de-la-paz-y-seguridad-en-gomez-palacio-y-la-laguna\/","title":{"rendered":"#GP. Contin\u00faan los esfuerzos a favor de la paz y seguridad en G\u00f3mez Palacio y la Laguna"},"content":{"rendered":"\n<p>\u201cCelebro mucho que podamos ser constantes en esta coordinaci\u00f3n\u201d, afirma la alcaldesa Betzab\u00e9 Mart\u00ednez<br>Con el objetivo de garantizar un entorno seguro y en paz, la Presidenta Municipal Betzab\u00e9 Mart\u00ednez Arango acudi\u00f3 a la reuni\u00f3n de la Mesa de Seguridad, donde reiter\u00f3 que desde el primer d\u00eda de su administraci\u00f3n se ha trabajado bajo un enfoque preventivo, privilegiando la coordinaci\u00f3n entre corporaciones de los tres niveles de gobierno para cuidar a las familias gomezpalatinas.<br>En esta sesi\u00f3n participaron el General Brigadier del Estado Mayor Edilberto Jasso Godoy, Comandante del Mando Especial Laguna; el titular de la Vicefiscal\u00eda de la Regi\u00f3n Laguna, Juan Francisco \u00c1ngeles Zapata; as\u00ed como mandos de corporaciones de seguridad federales, estatales y municipales, adem\u00e1s de titulares de \u00e1reas enfocadas a la prevenci\u00f3n del delito y la atenci\u00f3n ciudadana.<br>\u201cCelebro mucho que podamos ser constantes en esta coordinaci\u00f3n con todas las corporaciones de seguridad. En esta mesa tambi\u00e9n participaron las directoras de los institutos municipales de la mujer de Lerdo y G\u00f3mez Palacio, con quienes acordamos reforzar actividades preventivas para reducir los \u00edndices de violencia hacia las mujeres\u201d, expres\u00f3 la alcaldesa.<br>Se\u00f1al\u00f3 que, ante el fin de semana largo por las fiestas patrias, se mantendr\u00e1 vigilancia permanente y una comunicaci\u00f3n activa entre autoridades: \u201cLa sesi\u00f3n qued\u00f3 abierta por si se presenta alguna eventualidad; estaremos al pendiente para hablar en equipo y atender de inmediato cualquier situaci\u00f3n\u201d, indic\u00f3.<br>Adem\u00e1s, destac\u00f3 que la seguridad es una prioridad que se atiende con cercan\u00eda: \u201cNos comprometimos a trabajar arduamente en esta administraci\u00f3n municipal. Yo, como presidenta, estoy recorriendo personalmente todo lo que alcanzo durante el d\u00eda, adem\u00e1s de sostener reuniones con diversos sectores de la poblaci\u00f3n, para escuchar a la ciudadan\u00eda y, en base a eso, implementar acciones de gobierno\u201d, afirm\u00f3.<br>Como resultado de esta sesi\u00f3n, se acord\u00f3 reforzar la presencia de las fuerzas armadas y corporaciones de seguridad en las zonas con mayor incidencia delictiva, identificadas mediante los llamados \u00a8Mapas de Calor\u00a8, reiterando el compromiso del Ayuntamiento de G\u00f3mez Palacio para seguir construyendo una ciudad segura, en coordinaci\u00f3n y cercan\u00eda con la ciudadan\u00eda<\/p>\n","protected":false},"excerpt":{"rendered":"<p>\u201cCelebro mucho que podamos ser constantes en esta coordinaci\u00f3n\u201d, afirma la alcaldesa Betzab\u00e9 Mart\u00ednezCon el objetivo de garantizar un entorno seguro y en paz, la Presidenta Municipal Betzab\u00e9 Mart\u00ednez Arango acudi\u00f3 a la reuni\u00f3n de la Mesa de Seguridad, donde reiter\u00f3 que desde el primer d\u00eda de su administraci\u00f3n se ha trabajado bajo un enfoque [&hellip;]<\/p>\n","protected":false},"author":1,"featured_media":25112,"comment_status":"open","ping_status":"open","sticky":false,"template":"","format":"standard","meta":{"_monsterinsights_skip_tracking":false,"_monsterinsights_sitenote_active":false,"_monsterinsights_sitenote_note":"","_monsterinsights_sitenote_category":0,"footnotes":""},"categories":[1],"tags":[],"_links":{"self":[{"href":"https:\/\/zonalimitrofe-cbnr.com\/index.php\/wp-json\/wp\/v2\/posts\/25111"}],"collection":[{"href":"https:\/\/zonalimitrofe-cbnr.com\/index.php\/wp-json\/wp\/v2\/posts"}],"about":[{"href":"https:\/\/zonalimitrofe-cbnr.com\/index.php\/wp-json\/wp\/v2\/types\/post"}],"author":[{"embeddable":true,"href":"https:\/\/zonalimitrofe-cbnr.com\/index.php\/wp-json\/wp\/v2\/users\/1"}],"replies":[{"embeddable":true,"href":"https:\/\/zonalimitrofe-cbnr.com\/index.php\/wp-json\/wp\/v2\/comments?post=25111"}],"version-history":[{"count":1,"href":"https:\/\/zonalimitrofe-cbnr.com\/index.php\/wp-json\/wp\/v2\/posts\/25111\/revisions"}],"predecessor-version":[{"id":25113,"href":"https:\/\/zonalimitrofe-cbnr.com\/index.php\/wp-json\/wp\/v2\/posts\/25111\/revisions\/25113"}],"wp:featuredmedia":[{"embeddable":true,"href":"https:\/\/zonalimitrofe-cbnr.com\/index.php\/wp-json\/wp\/v2\/media\/25112"}],"wp:attachment":[{"href":"https:\/\/zonalimitrofe-cbnr.com\/index.php\/wp-json\/wp\/v2\/media?parent=25111"}],"wp:term":[{"taxonomy":"category","embeddable":true,"href":"https:\/\/zonalimitrofe-cbnr.com\/index.php\/wp-json\/wp\/v2\/categories?post=25111"},{"taxonomy":"post_tag","embeddable":true,"href":"https:\/\/zonalimitrofe-cbnr.com\/index.php\/wp-json\/wp\/v2\/tags?post=25111"}],"curies":[{"name":"wp","href":"https:\/\/api.w.org\/{rel}","templated":true}]}}