{"id":25099,"date":"2025-09-12T16:41:06","date_gmt":"2025-09-12T22:41:06","guid":{"rendered":"https:\/\/zonalimitrofe-cbnr.com\/?p=25099"},"modified":"2025-09-12T16:41:07","modified_gmt":"2025-09-12T22:41:07","slug":"lerdo-instituto-de-la-mujer-en-lerdo-refuerza-colaboracion-con-instancias-de-proteccion-a-las-mujeres","status":"publish","type":"post","link":"https:\/\/zonalimitrofe-cbnr.com\/index.php\/2025\/09\/12\/lerdo-instituto-de-la-mujer-en-lerdo-refuerza-colaboracion-con-instancias-de-proteccion-a-las-mujeres\/","title":{"rendered":"#Lerdo. INSTITUTO DE LA MUJER EN LERDO REFUERZA COLABORACI\u00d3N CON INSTANCIAS DE PROTECCI\u00d3N A LAS MUJERES*"},"content":{"rendered":"\n<p>Lerdo, 12 de septiembre 2025.- Atendiendo las indicaciones de la Presidenta Municipal Susy Carolina Torrecillas Salazar, durante esta semana la directora del Instituto Municipal de la Mujer (IMM) en Lerdo, Clara Mayra Cepeda Garc\u00eda, se reuni\u00f3 con las distintas autoridades locales y estatales para unir esfuerzos en atenci\u00f3n a las mujeres y reforzar las estrategias para erradicar la violencia de g\u00e9nero.<\/p>\n\n\n\n<p>En di\u00e1logo con la directora del Instituto Estatal de las Mujeres Regi\u00f3n Laguna, Isabel Casta\u00f1eda, se coordinaron acciones a fin de trabajar en equipo para la protecci\u00f3n de la mujer. De igual manera, con la coordinadora de la Alerta de G\u00e9nero de Durango, Denisse Rivera Ram\u00edrez, se abordaron los resolutivos referentes al tema.<\/p>\n\n\n\n<p>Asimismo, se reforzaron convenios de colaboraci\u00f3n con MUSAS A.C., y Mujeres Salvando Mujeres A.C., manteniendo el di\u00e1logo directo con las fundadoras Evangelina V\u00e1zquez Reyes y Yolanda Jaramillo, respectivamente, para continuar resguardando, apoyando, fortaleciendo y empoderando a las mujeres del municipio de Lerdo.<\/p>\n\n\n\n<p>El Instituto de la Mujer pone a disposici\u00f3n el tel\u00e9fono 87 12 80 9865, para solicitar mayor informaci\u00f3n respecto a los programas, actividades y servicios gratuitos que esta dependencia brinda a las ciudadanas. El horario de atenci\u00f3n es de 8:00 a 16:00 horas, de lunes a viernes.<\/p>\n","protected":false},"excerpt":{"rendered":"<p>Lerdo, 12 de septiembre 2025.- Atendiendo las indicaciones de la Presidenta Municipal Susy Carolina Torrecillas Salazar, durante esta semana la directora del Instituto Municipal de la Mujer (IMM) en Lerdo, Clara Mayra Cepeda Garc\u00eda, se reuni\u00f3 con las distintas autoridades locales y estatales para unir esfuerzos en atenci\u00f3n a las mujeres y reforzar las estrategias [&hellip;]<\/p>\n","protected":false},"author":1,"featured_media":25100,"comment_status":"open","ping_status":"open","sticky":false,"template":"","format":"standard","meta":{"_monsterinsights_skip_tracking":false,"_monsterinsights_sitenote_active":false,"_monsterinsights_sitenote_note":"","_monsterinsights_sitenote_category":0,"footnotes":""},"categories":[1],"tags":[],"_links":{"self":[{"href":"https:\/\/zonalimitrofe-cbnr.com\/index.php\/wp-json\/wp\/v2\/posts\/25099"}],"collection":[{"href":"https:\/\/zonalimitrofe-cbnr.com\/index.php\/wp-json\/wp\/v2\/posts"}],"about":[{"href":"https:\/\/zonalimitrofe-cbnr.com\/index.php\/wp-json\/wp\/v2\/types\/post"}],"author":[{"embeddable":true,"href":"https:\/\/zonalimitrofe-cbnr.com\/index.php\/wp-json\/wp\/v2\/users\/1"}],"replies":[{"embeddable":true,"href":"https:\/\/zonalimitrofe-cbnr.com\/index.php\/wp-json\/wp\/v2\/comments?post=25099"}],"version-history":[{"count":1,"href":"https:\/\/zonalimitrofe-cbnr.com\/index.php\/wp-json\/wp\/v2\/posts\/25099\/revisions"}],"predecessor-version":[{"id":25101,"href":"https:\/\/zonalimitrofe-cbnr.com\/index.php\/wp-json\/wp\/v2\/posts\/25099\/revisions\/25101"}],"wp:featuredmedia":[{"embeddable":true,"href":"https:\/\/zonalimitrofe-cbnr.com\/index.php\/wp-json\/wp\/v2\/media\/25100"}],"wp:attachment":[{"href":"https:\/\/zonalimitrofe-cbnr.com\/index.php\/wp-json\/wp\/v2\/media?parent=25099"}],"wp:term":[{"taxonomy":"category","embeddable":true,"href":"https:\/\/zonalimitrofe-cbnr.com\/index.php\/wp-json\/wp\/v2\/categories?post=25099"},{"taxonomy":"post_tag","embeddable":true,"href":"https:\/\/zonalimitrofe-cbnr.com\/index.php\/wp-json\/wp\/v2\/tags?post=25099"}],"curies":[{"name":"wp","href":"https:\/\/api.w.org\/{rel}","templated":true}]}}