{"id":25090,"date":"2025-09-12T16:34:59","date_gmt":"2025-09-12T22:34:59","guid":{"rendered":"https:\/\/zonalimitrofe-cbnr.com\/?p=25090"},"modified":"2025-09-12T16:34:59","modified_gmt":"2025-09-12T22:34:59","slug":"lerdo-se-reune-susy-torrecillas-con-el-director-general-del-organismo-de-cuencas-centrales-del-norte-de-la-conagua","status":"publish","type":"post","link":"https:\/\/zonalimitrofe-cbnr.com\/index.php\/2025\/09\/12\/lerdo-se-reune-susy-torrecillas-con-el-director-general-del-organismo-de-cuencas-centrales-del-norte-de-la-conagua\/","title":{"rendered":"#Lerdo. SE RE\u00daNE SUSY TORRECILLAS CON EL DIRECTOR GENERAL DEL ORGANISMO DE CUENCAS CENTRALES DEL NORTE DE LA CONAGUA*"},"content":{"rendered":"\n<p>Lerdo, 12 de septiembre del 2025.- Este viernes la Presidenta Municipal Susy Carolina Torrecillas Salazar, sostuvo una reuni\u00f3n con el director general del Organismo de Cuencas Centrales del Norte de la CONAGUA, Juan Gabriel Riestra Beltr\u00e1n, para abordar temas pendientes de PROAGUA (Programa Federal de Agua Potable, Drenaje y Tratamiento) y PRODDER (Programa de Devoluci\u00f3n de Derechos).<\/p>\n\n\n\n<p>La Alcaldesa de Lerdo se hizo acompa\u00f1ar por el director del SAPAL, Juan Antonio S\u00e1nchez L\u00f3pez, y el director Jur\u00eddico del municipio, Jes\u00fas Eduardo Lara Urby.<\/p>\n\n\n\n<p>En el encuentro de cortes\u00eda se abord\u00f3 el tema del cambio de losetas de canal de riego, a fin de evitar el desperdicio de agua rodada durante los ciclos de riego, adem\u00e1s de poder poner fin a los problemas de brotes de agua de drenaje que se presentan en la ciudad.<\/p>\n\n\n\n<p>La Presidenta Municipal Susy Torrecillas, mencion\u00f3 que a trav\u00e9s del SAPAL se trabajar\u00e1 en la elaboraci\u00f3n de proyectos para la conducci\u00f3n y sustituci\u00f3n de l\u00edneas para el drenaje y agua potable.<\/p>\n\n\n\n<p>La alcaldesa instruy\u00f3 a la direcci\u00f3n del SAPAL Juan Antonio S\u00e1nchez L\u00f3pez, para que iniciara con el proyecto ejecutivo, con el objetivo de que a finales del mes de noviembre pueda quedar concluido y acceder a recursos en el 2026. Se detall\u00f3 que buscar\u00e1n que los proyectos ya mencionados sean concretados con aportaciones bipartitas (entre el Municipio y la federaci\u00f3n).<\/p>\n\n\n\n<p>En cuanto al Proyecto de Agua Saludable, se inform\u00f3 que el municipio hoy en d\u00eda recibe una dotaci\u00f3n de 240 litros por segundo y se prev\u00e9 que este incremente de manera paulatina, a fin de que el municipio lerdense sea de los m\u00e1s beneficiados.<\/p>\n\n\n\n<p>Juan Gabriel Riestra Beltr\u00e1n, Director General de CONAGUA, manifest\u00f3 en todo momento estar en la disposici\u00f3n de coadyuvar y sumarse para lograr proyectos en beneficio de Lerdo.<\/p>\n\n\n\n<p>Susy Torrecillas reiter\u00f3 que seguir\u00e1 trabajando cercana a las autoridades federales con el firme prop\u00f3sito de poder acceder a recursos que impulsen el crecimiento de Lerdo en todos los \u00e1mbitos.<\/p>\n","protected":false},"excerpt":{"rendered":"<p>Lerdo, 12 de septiembre del 2025.- Este viernes la Presidenta Municipal Susy Carolina Torrecillas Salazar, sostuvo una reuni\u00f3n con el director general del Organismo de Cuencas Centrales del Norte de la CONAGUA, Juan Gabriel Riestra Beltr\u00e1n, para abordar temas pendientes de PROAGUA (Programa Federal de Agua Potable, Drenaje y Tratamiento) y PRODDER (Programa de Devoluci\u00f3n [&hellip;]<\/p>\n","protected":false},"author":1,"featured_media":25091,"comment_status":"open","ping_status":"open","sticky":false,"template":"","format":"standard","meta":{"_monsterinsights_skip_tracking":false,"_monsterinsights_sitenote_active":false,"_monsterinsights_sitenote_note":"","_monsterinsights_sitenote_category":0,"footnotes":""},"categories":[1],"tags":[],"_links":{"self":[{"href":"https:\/\/zonalimitrofe-cbnr.com\/index.php\/wp-json\/wp\/v2\/posts\/25090"}],"collection":[{"href":"https:\/\/zonalimitrofe-cbnr.com\/index.php\/wp-json\/wp\/v2\/posts"}],"about":[{"href":"https:\/\/zonalimitrofe-cbnr.com\/index.php\/wp-json\/wp\/v2\/types\/post"}],"author":[{"embeddable":true,"href":"https:\/\/zonalimitrofe-cbnr.com\/index.php\/wp-json\/wp\/v2\/users\/1"}],"replies":[{"embeddable":true,"href":"https:\/\/zonalimitrofe-cbnr.com\/index.php\/wp-json\/wp\/v2\/comments?post=25090"}],"version-history":[{"count":1,"href":"https:\/\/zonalimitrofe-cbnr.com\/index.php\/wp-json\/wp\/v2\/posts\/25090\/revisions"}],"predecessor-version":[{"id":25092,"href":"https:\/\/zonalimitrofe-cbnr.com\/index.php\/wp-json\/wp\/v2\/posts\/25090\/revisions\/25092"}],"wp:featuredmedia":[{"embeddable":true,"href":"https:\/\/zonalimitrofe-cbnr.com\/index.php\/wp-json\/wp\/v2\/media\/25091"}],"wp:attachment":[{"href":"https:\/\/zonalimitrofe-cbnr.com\/index.php\/wp-json\/wp\/v2\/media?parent=25090"}],"wp:term":[{"taxonomy":"category","embeddable":true,"href":"https:\/\/zonalimitrofe-cbnr.com\/index.php\/wp-json\/wp\/v2\/categories?post=25090"},{"taxonomy":"post_tag","embeddable":true,"href":"https:\/\/zonalimitrofe-cbnr.com\/index.php\/wp-json\/wp\/v2\/tags?post=25090"}],"curies":[{"name":"wp","href":"https:\/\/api.w.org\/{rel}","templated":true}]}}