{"id":25087,"date":"2025-09-12T16:31:29","date_gmt":"2025-09-12T22:31:29","guid":{"rendered":"https:\/\/zonalimitrofe-cbnr.com\/?p=25087"},"modified":"2025-09-12T16:31:30","modified_gmt":"2025-09-12T22:31:30","slug":"torreon-avanza-la-modernizacion-del-transporte-publico-en-torreon","status":"publish","type":"post","link":"https:\/\/zonalimitrofe-cbnr.com\/index.php\/2025\/09\/12\/torreon-avanza-la-modernizacion-del-transporte-publico-en-torreon\/","title":{"rendered":"#Torre\u00f3n. Avanza la modernizaci\u00f3n del transporte p\u00fablico en Torre\u00f3n"},"content":{"rendered":"\n<p>Torre\u00f3n, Coahuila. A 12 de septiembre de 2025<\/p>\n\n\n\n<p>Como parte del proyecto de modernizaci\u00f3n del transporte p\u00fablico en la modalidad de autob\u00fas, contin\u00faan los avances para atender la demanda de la ciudadan\u00eda en las zonas sur-oriente y norte de la ciudad.<\/p>\n\n\n\n<p>Luis Alberto Morales Cort\u00e9s, director general de Vialidad y Movilidad Urbana, inform\u00f3 que el objetivo principal es implementar estrategias que permitan mejorar la operaci\u00f3n del transporte y responder a las necesidades de los usuarios.<\/p>\n\n\n\n<p>Explic\u00f3 que actualmente ya se encuentran en funcionamiento tres unidades emergentes de las rutas Laureles, Independencia\u2013Magdalenas y Magdalenas-Antonio Narro, de las nueve que ser\u00e1n autorizadas con permiso temporal.<\/p>\n\n\n\n<p>Lo anterior de acuerdo con los resultados obtenidos en las encuestas aplicadas a usuarios del servicio, las cuales fueron realizadas por el \u00e1rea de planeaci\u00f3n de la dependencia, con el apoyo de encuestadores de la Direcci\u00f3n de la Juventud.<\/p>\n\n\n\n<p>El funcionario indic\u00f3 que a trav\u00e9s de estos permisos temporales, se realizar\u00e1 una evaluaci\u00f3n sobre las rutas que deber\u00e1n permanecer, de acuerdo con el aforo registrado de los usuarios en las unidades.<\/p>\n\n\n\n<p>Adem\u00e1s de considerar la creaci\u00f3n de nuevas rutas, adecuadas a la modalidad de alimentadoras, expr\u00e9s, troncales, entre otras, dependiendo del sector y las necesidades.<\/p>\n\n\n\n<p>Se\u00f1al\u00f3 que las acciones se llevan a cabo con la Direcci\u00f3n de Transporte P\u00fablico Municipal, las \u00e1reas t\u00e9cnicas y de planeaci\u00f3n, igualmente a trav\u00e9s de mesas de trabajo con el alcalde Rom\u00e1n Alberto Cepeda Gonz\u00e1lez, y otras m\u00e1s con los concesionarios del transporte.<\/p>\n\n\n\n<p>Destac\u00f3 que estas acciones forman parte del compromiso de la Administraci\u00f3n Municipal del Alcalde, en conjunto con el Gobierno del Estado, de mejorar la movilidad urbana, no solo con la modernizaci\u00f3n de las unidades, sino otorgando seguridad y accesibilidad a los usuarios.<\/p>\n\n\n\n<p>Lo anterior, a trav\u00e9s de estrategias que involucren a la ciudadan\u00eda, garantizando con ello un servicio m\u00e1s \u00e1gil y eficiente.<\/p>\n","protected":false},"excerpt":{"rendered":"<p>Torre\u00f3n, Coahuila. A 12 de septiembre de 2025 Como parte del proyecto de modernizaci\u00f3n del transporte p\u00fablico en la modalidad de autob\u00fas, contin\u00faan los avances para atender la demanda de la ciudadan\u00eda en las zonas sur-oriente y norte de la ciudad. Luis Alberto Morales Cort\u00e9s, director general de Vialidad y Movilidad Urbana, inform\u00f3 que el [&hellip;]<\/p>\n","protected":false},"author":1,"featured_media":25088,"comment_status":"open","ping_status":"open","sticky":false,"template":"","format":"standard","meta":{"_monsterinsights_skip_tracking":false,"_monsterinsights_sitenote_active":false,"_monsterinsights_sitenote_note":"","_monsterinsights_sitenote_category":0,"footnotes":""},"categories":[1],"tags":[],"_links":{"self":[{"href":"https:\/\/zonalimitrofe-cbnr.com\/index.php\/wp-json\/wp\/v2\/posts\/25087"}],"collection":[{"href":"https:\/\/zonalimitrofe-cbnr.com\/index.php\/wp-json\/wp\/v2\/posts"}],"about":[{"href":"https:\/\/zonalimitrofe-cbnr.com\/index.php\/wp-json\/wp\/v2\/types\/post"}],"author":[{"embeddable":true,"href":"https:\/\/zonalimitrofe-cbnr.com\/index.php\/wp-json\/wp\/v2\/users\/1"}],"replies":[{"embeddable":true,"href":"https:\/\/zonalimitrofe-cbnr.com\/index.php\/wp-json\/wp\/v2\/comments?post=25087"}],"version-history":[{"count":1,"href":"https:\/\/zonalimitrofe-cbnr.com\/index.php\/wp-json\/wp\/v2\/posts\/25087\/revisions"}],"predecessor-version":[{"id":25089,"href":"https:\/\/zonalimitrofe-cbnr.com\/index.php\/wp-json\/wp\/v2\/posts\/25087\/revisions\/25089"}],"wp:featuredmedia":[{"embeddable":true,"href":"https:\/\/zonalimitrofe-cbnr.com\/index.php\/wp-json\/wp\/v2\/media\/25088"}],"wp:attachment":[{"href":"https:\/\/zonalimitrofe-cbnr.com\/index.php\/wp-json\/wp\/v2\/media?parent=25087"}],"wp:term":[{"taxonomy":"category","embeddable":true,"href":"https:\/\/zonalimitrofe-cbnr.com\/index.php\/wp-json\/wp\/v2\/categories?post=25087"},{"taxonomy":"post_tag","embeddable":true,"href":"https:\/\/zonalimitrofe-cbnr.com\/index.php\/wp-json\/wp\/v2\/tags?post=25087"}],"curies":[{"name":"wp","href":"https:\/\/api.w.org\/{rel}","templated":true}]}}