{"id":25081,"date":"2025-09-12T16:26:32","date_gmt":"2025-09-12T22:26:32","guid":{"rendered":"https:\/\/zonalimitrofe-cbnr.com\/?p=25081"},"modified":"2025-09-12T16:26:32","modified_gmt":"2025-09-12T22:26:32","slug":"congresocoahuila-programa-de-recuperacion-para-alumnos-afectados-por-universidades-sin-validez-oficial-exhorta-alvaro-moreira","status":"publish","type":"post","link":"https:\/\/zonalimitrofe-cbnr.com\/index.php\/2025\/09\/12\/congresocoahuila-programa-de-recuperacion-para-alumnos-afectados-por-universidades-sin-validez-oficial-exhorta-alvaro-moreira\/","title":{"rendered":"#CongresoCoahuila. Programa de recuperaci\u00f3n para alumnos afectados por universidades sin Validez Oficial, exhorta \u00c1lvaro Moreira"},"content":{"rendered":"\n<p><strong>Saltillo, Coahuila, 13 de septiembre de 2025.- <\/strong>En sesi\u00f3n del Congreso del Estado se aprob\u00f3 un punto de acuerdo presentado diputado \u00c1lvaro Moreira Vald\u00e9s, para solicitar a la Secretar\u00eda de Educaci\u00f3n P\u00fablica del gobierno federal, a que en coordinaci\u00f3n con las autoridades educativas en los estados, dise\u00f1e e instrumente un programa de recuperaci\u00f3n que permita a las y los alumnos afectados por universidades que operan sin Reconocimiento de Validez Oficial de Estudios (RVOE), dar continuidad a los estudios realizados, asegurando as\u00ed el ejercicio pleno de su derecho a la educaci\u00f3n y mitigando las graves consecuencias derivadas de la invalidez acad\u00e9mica. \u201cLa falta de Reconocimiento de Validez Oficial en diversos planteles genera incertidumbre para las y los alumnos quienes carecen de la posibilidad de tramitar su t\u00edtulo y c\u00e9dula profesional. Desde esta tribuna, el diputado Jes\u00fas Alfredo Paredes y un servidor hemos presentado exhortos en ese sentido, obteniendo el apoyo un\u00e1nime de nuestras compa\u00f1eras y compa\u00f1eros legisladores\u201d expres\u00f3 \u00c1lvaro Moreira. Estos casos se han documentado en Coahuila y en muchas otras partes del pa\u00eds. En respuesta, la Secretar\u00eda de Educaci\u00f3n P\u00fablica y la Procuradur\u00eda Federal de Protecci\u00f3n al Consumidor firmaron un convenio de colaboraci\u00f3n, donde se establece, entre otras cosas, la facultad de la PROFECO para realizar visitas de verificaci\u00f3n, adem\u00e1s de intervenir cuando se detecten pr\u00e1cticas comerciales enga\u00f1osas, imponiendo sanciones. Si bien esta alianza es un paso importante para prevenir abusos, las\u00a0 sanciones aplicadas no aseguran la continuidad acad\u00e9mica de los j\u00f3venes afectados, dejando a la deriva sus sue\u00f1os y futuro. \u201cLas consecuencias por las omisiones no deben recaer en los estudiantes. La coordinaci\u00f3n entre la Federaci\u00f3n y los estados puede marcar un precedente significativo para contener y eliminar malas pr\u00e1cticas, pero tambi\u00e9n deben dirigirse a dise\u00f1ar e instrumentar programas de recuperaci\u00f3n que permitan a los alumnos afectados dar continuidad y seguimiento a todas sus horas de estudio\u201d explic\u00f3 \u00c1lvaro Moreira en el punto de acuerdo aprobado.<\/p>\n","protected":false},"excerpt":{"rendered":"<p>Saltillo, Coahuila, 13 de septiembre de 2025.- En sesi\u00f3n del Congreso del Estado se aprob\u00f3 un punto de acuerdo presentado diputado \u00c1lvaro Moreira Vald\u00e9s, para solicitar a la Secretar\u00eda de Educaci\u00f3n P\u00fablica del gobierno federal, a que en coordinaci\u00f3n con las autoridades educativas en los estados, dise\u00f1e e instrumente un programa de recuperaci\u00f3n que permita [&hellip;]<\/p>\n","protected":false},"author":1,"featured_media":25082,"comment_status":"open","ping_status":"open","sticky":false,"template":"","format":"standard","meta":{"_monsterinsights_skip_tracking":false,"_monsterinsights_sitenote_active":false,"_monsterinsights_sitenote_note":"","_monsterinsights_sitenote_category":0,"footnotes":""},"categories":[1],"tags":[],"_links":{"self":[{"href":"https:\/\/zonalimitrofe-cbnr.com\/index.php\/wp-json\/wp\/v2\/posts\/25081"}],"collection":[{"href":"https:\/\/zonalimitrofe-cbnr.com\/index.php\/wp-json\/wp\/v2\/posts"}],"about":[{"href":"https:\/\/zonalimitrofe-cbnr.com\/index.php\/wp-json\/wp\/v2\/types\/post"}],"author":[{"embeddable":true,"href":"https:\/\/zonalimitrofe-cbnr.com\/index.php\/wp-json\/wp\/v2\/users\/1"}],"replies":[{"embeddable":true,"href":"https:\/\/zonalimitrofe-cbnr.com\/index.php\/wp-json\/wp\/v2\/comments?post=25081"}],"version-history":[{"count":1,"href":"https:\/\/zonalimitrofe-cbnr.com\/index.php\/wp-json\/wp\/v2\/posts\/25081\/revisions"}],"predecessor-version":[{"id":25083,"href":"https:\/\/zonalimitrofe-cbnr.com\/index.php\/wp-json\/wp\/v2\/posts\/25081\/revisions\/25083"}],"wp:featuredmedia":[{"embeddable":true,"href":"https:\/\/zonalimitrofe-cbnr.com\/index.php\/wp-json\/wp\/v2\/media\/25082"}],"wp:attachment":[{"href":"https:\/\/zonalimitrofe-cbnr.com\/index.php\/wp-json\/wp\/v2\/media?parent=25081"}],"wp:term":[{"taxonomy":"category","embeddable":true,"href":"https:\/\/zonalimitrofe-cbnr.com\/index.php\/wp-json\/wp\/v2\/categories?post=25081"},{"taxonomy":"post_tag","embeddable":true,"href":"https:\/\/zonalimitrofe-cbnr.com\/index.php\/wp-json\/wp\/v2\/tags?post=25081"}],"curies":[{"name":"wp","href":"https:\/\/api.w.org\/{rel}","templated":true}]}}