{"id":25078,"date":"2025-09-12T16:23:58","date_gmt":"2025-09-12T22:23:58","guid":{"rendered":"https:\/\/zonalimitrofe-cbnr.com\/?p=25078"},"modified":"2025-09-12T16:23:59","modified_gmt":"2025-09-12T22:23:59","slug":"torreon-roman-alberto-cepeda-gonzalez-entrega-mochilas-a-organismos-de-la-sociedad-civil","status":"publish","type":"post","link":"https:\/\/zonalimitrofe-cbnr.com\/index.php\/2025\/09\/12\/torreon-roman-alberto-cepeda-gonzalez-entrega-mochilas-a-organismos-de-la-sociedad-civil\/","title":{"rendered":"#Torre\u00f3n. Rom\u00e1n Alberto Cepeda Gonz\u00e1lez entrega mochilas a organismos de la sociedad civil"},"content":{"rendered":"\n<p>Torre\u00f3n, Coahuila. A 12 de septiembre de 2025<\/p>\n\n\n\n<p>El alcalde Rom\u00e1n Alberto Cepeda Gonz\u00e1lez entreg\u00f3 mil 500 mochilas a ni\u00f1as y ni\u00f1os representantes de 13 organizaciones de la sociedad civil (OSC\u00b4S), como parte del programa de apoyo escolar coordinado con el gobernador Manolo Jim\u00e9nez Salinas, dirigido a alumnos de educaci\u00f3n b\u00e1sica.<\/p>\n\n\n\n<p>La ma\u00f1ana de este viernes, en las instalaciones de Ciudad DIF, el edil acompa\u00f1ado de la se\u00f1ora Selina Bremer de Cepeda, presidenta honoraria de este organismo, entreg\u00f3 las mochilas a asociaciones civiles que fungen como escuelas y albergues donde los ni\u00f1os y ni\u00f1as estudian, para otorgarles herramientas para fortalecer su educaci\u00f3n.<\/p>\n\n\n\n<p>En su mensaje, el Presidente Municipal expres\u00f3 su reconocimiento al trabajo permanente de las OSC\u2019S, y se\u00f1al\u00f3 que es importante continuar con la suma de esfuerzos entre sociedad y Gobierno en beneficio de las personas en situaci\u00f3n vulnerable.<\/p>\n\n\n\n<p>\u201cNosotros tratamos de poner nuestro grano de arena, pero ustedes est\u00e1n los 365 d\u00edas del a\u00f1o de tiempo completo, atendiendo a las personas que lo necesitan. Mi reconocimiento total para ustedes\u201d, dijo.<\/p>\n\n\n\n<p>Cepeda Gonz\u00e1lez tambi\u00e9n destac\u00f3 que producto de las estrategias y coordinaci\u00f3n con el Gobernador, Torre\u00f3n y Coahuila son de los municipios y estados m\u00e1s seguros del pa\u00eds, lo cual es una condici\u00f3n fundamental para que los ni\u00f1os y j\u00f3venes puedan seguir estudiando en un ambiente de paz y tranquilidad.<\/p>\n\n\n\n<p>\u201cApostarle a la seguridad es importante, as\u00ed como apostarle tambi\u00e9n a la movilidad, a la obra p\u00fablica, a la cultura y al deporte, pero apostarle a la educaci\u00f3n es pensar en el futuro, pensar en el Torre\u00f3n que queremos y en el Torre\u00f3n que nos toca construir hoy desde la trinchera en que estamos, porque hoy nos toca hacer la tarea para que ustedes tengan mejores condiciones y puedan cristalizar sus sue\u00f1os\u201d.<\/p>\n\n\n\n<p>Dijo que gracias a la coordinaci\u00f3n con el Gobernador en materia de educaci\u00f3n, se fortalecen las estrategias con el programa de entrega de \u00fatiles escolares y mochilas en Torre\u00f3n.<\/p>\n\n\n\n<p>\u201cSomos el \u00fanico Municipio que le entramos con 60 mil mochilas, que es un grano de arena para que alcancen sus sue\u00f1os y el d\u00eda de ma\u00f1ana puedan poner a Torre\u00f3n, a la Laguna y a Coahuila en los ojos de M\u00e9xico y del mundo\u201d.<\/p>\n\n\n\n<p>El Presidente Municipal dijo que el 15 de septiembre, Torre\u00f3n cumple 118 a\u00f1os, y consider\u00f3 importante recordar que es una ciudad que naci\u00f3 con valores que fueron plasmados en las primeras empresas como La Uni\u00f3n, La Esperanza, La Fe, y es eso justamente lo que mantiene a Torre\u00f3n fuerte, a diferencia de otros municipios en los que actualmente las condiciones de inseguridad impiden realizar actividades como salir a estudiar.<\/p>\n\n\n\n<p>\u201cEn Torre\u00f3n y en Coahuila s\u00ed se puede ir a trabajar, s\u00ed se puede ir a dar clases, s\u00ed se puede ir a un lugar de esparcimiento y s\u00ed se pueden cristalizar los sue\u00f1os\u201d, dijo Cepeda Gonz\u00e1lez.<\/p>\n\n\n\n<p>La se\u00f1ora Selina Bremer de Cepeda, presidenta honoraria del Sistema para el Desarrollo Integral de la Familia (DIF) Torre\u00f3n, dijo que gracias al gran compromiso del Alcalde y del Gobernador, se beneficiar\u00e1n a mil 500 ni\u00f1os que forman parte de los organismos de la sociedad civil.<\/p>\n\n\n\n<p>\u201cEn DIF Torre\u00f3n trabajamos muy de la mano con organismos que apoyan diferentes causas. En esta ocasi\u00f3n estamos beneficiando a los organismos cuyo objetivo social est\u00e1 dirigido a la educaci\u00f3n de la ni\u00f1ez. Agradecemos el compromiso de nuestro alcalde Rom\u00e1n y el gobernador Manolo por tener siempre presente a la ni\u00f1ez como una prioridad en su gobierno\u201d.<\/p>\n\n\n\n<p>Agreg\u00f3 que la entrega de mochilas y \u00fatiles escolares es una herramienta fundamental para que los peque\u00f1os puedan continuar con su formaci\u00f3n acad\u00e9mica, pero tambi\u00e9n es un s\u00edmbolo de apoyo y acompa\u00f1amiento en su camino de formaci\u00f3n.<\/p>\n\n\n\n<p>\u201cSabemos que la educaci\u00f3n abre horizontes, y por eso a trav\u00e9s de DIF Torre\u00f3n ayudamos a los organismos a brindar oportunidades a los menores. Queremos hacer un reconocimiento especial a estas asociaciones que d\u00eda a d\u00eda entregan su esfuerzo, su amor, y su tiempo para formar a nuestros ni\u00f1os y ni\u00f1as; y a ustedes ni\u00f1os y ni\u00f1as, quiero decirles que aprovechen al m\u00e1ximo sus mochilas, sus \u00fatiles y cada d\u00eda de escuela estudien con entusiasmo y sue\u00f1en en grande porque los sue\u00f1os se cumplen&#8221;.<\/p>\n\n\n\n<p>Por su parte, Flor Estela Renter\u00eda Medina, coordinadora de Servicios Educativos Regi\u00f3n Laguna, explic\u00f3 que el programa va dirigido a alumnos de educaci\u00f3n b\u00e1sica de escuelas p\u00fablicas, y destac\u00f3 el trabajo en equipo con el Alcalde en beneficio de las ni\u00f1as y los ni\u00f1os de Torre\u00f3n.<\/p>\n\n\n\n<p>La alumna Alondra Michelle Rangel Encina agradeci\u00f3, a nombre de los peque\u00f1os de las asociaciones civiles beneficiadas, por las mochilas y \u00fatiles escolares que son herramientas para su aprendizaje y cumplir sus sue\u00f1os.<\/p>\n\n\n\n<p>Estuvieron tambi\u00e9n: Ver\u00f3nica Mart\u00ednez Garc\u00eda, diputada Federal; Karla Liliana Centeno F\u00e9lix, presidenta de la Comisi\u00f3n de DIF Torre\u00f3n; Marlene Mart\u00ednez Vald\u00e9s, directora General de DIF Torre\u00f3n; Lorena Safa Serrato, coordinadora regional de DIF Coahuila; y Ariel Mart\u00ednez Mendoza, Jefe de Gabinete.<\/p>\n","protected":false},"excerpt":{"rendered":"<p>Torre\u00f3n, Coahuila. A 12 de septiembre de 2025 El alcalde Rom\u00e1n Alberto Cepeda Gonz\u00e1lez entreg\u00f3 mil 500 mochilas a ni\u00f1as y ni\u00f1os representantes de 13 organizaciones de la sociedad civil (OSC\u00b4S), como parte del programa de apoyo escolar coordinado con el gobernador Manolo Jim\u00e9nez Salinas, dirigido a alumnos de educaci\u00f3n b\u00e1sica. La ma\u00f1ana de este [&hellip;]<\/p>\n","protected":false},"author":1,"featured_media":25079,"comment_status":"open","ping_status":"open","sticky":false,"template":"","format":"standard","meta":{"_monsterinsights_skip_tracking":false,"_monsterinsights_sitenote_active":false,"_monsterinsights_sitenote_note":"","_monsterinsights_sitenote_category":0,"footnotes":""},"categories":[1],"tags":[],"_links":{"self":[{"href":"https:\/\/zonalimitrofe-cbnr.com\/index.php\/wp-json\/wp\/v2\/posts\/25078"}],"collection":[{"href":"https:\/\/zonalimitrofe-cbnr.com\/index.php\/wp-json\/wp\/v2\/posts"}],"about":[{"href":"https:\/\/zonalimitrofe-cbnr.com\/index.php\/wp-json\/wp\/v2\/types\/post"}],"author":[{"embeddable":true,"href":"https:\/\/zonalimitrofe-cbnr.com\/index.php\/wp-json\/wp\/v2\/users\/1"}],"replies":[{"embeddable":true,"href":"https:\/\/zonalimitrofe-cbnr.com\/index.php\/wp-json\/wp\/v2\/comments?post=25078"}],"version-history":[{"count":1,"href":"https:\/\/zonalimitrofe-cbnr.com\/index.php\/wp-json\/wp\/v2\/posts\/25078\/revisions"}],"predecessor-version":[{"id":25080,"href":"https:\/\/zonalimitrofe-cbnr.com\/index.php\/wp-json\/wp\/v2\/posts\/25078\/revisions\/25080"}],"wp:featuredmedia":[{"embeddable":true,"href":"https:\/\/zonalimitrofe-cbnr.com\/index.php\/wp-json\/wp\/v2\/media\/25079"}],"wp:attachment":[{"href":"https:\/\/zonalimitrofe-cbnr.com\/index.php\/wp-json\/wp\/v2\/media?parent=25078"}],"wp:term":[{"taxonomy":"category","embeddable":true,"href":"https:\/\/zonalimitrofe-cbnr.com\/index.php\/wp-json\/wp\/v2\/categories?post=25078"},{"taxonomy":"post_tag","embeddable":true,"href":"https:\/\/zonalimitrofe-cbnr.com\/index.php\/wp-json\/wp\/v2\/tags?post=25078"}],"curies":[{"name":"wp","href":"https:\/\/api.w.org\/{rel}","templated":true}]}}