{"id":25072,"date":"2025-09-12T16:20:46","date_gmt":"2025-09-12T22:20:46","guid":{"rendered":"https:\/\/zonalimitrofe-cbnr.com\/?p=25072"},"modified":"2025-09-12T16:20:47","modified_gmt":"2025-09-12T22:20:47","slug":"lerdo-arranca-dif-con-programa-cuidame-en-escuela-francisco-villa","status":"publish","type":"post","link":"https:\/\/zonalimitrofe-cbnr.com\/index.php\/2025\/09\/12\/lerdo-arranca-dif-con-programa-cuidame-en-escuela-francisco-villa\/","title":{"rendered":"#Lerdo. ARRANCA DIF CON PROGRAMA \u201cCU\u00cdDAME\u201d EN ESCUELA FRANCISCO VILLA*"},"content":{"rendered":"\n<p>Lerdo, 12 de septiembre 2025.- Ante el regreso a clases y por indicaci\u00f3n de la Presidenta Municipal Susy Carolina Torrecillas Salazar, el Sistema para el Desarrollo Integral de la Familia (DIF) en Lerdo, puso en marcha el programa \u201cCu\u00eddame\u201d esta semana, dando arranque en la Escuela Primaria General Francisco Villa, ubicada en la colonia Las Palmas, con el objetivo de reforzar la prevenci\u00f3n de la violencia infantil.<\/p>\n\n\n\n<p>La Directora General de DIF Lerdo, Rita Loza Covarrubias comparti\u00f3 que tan solo en este centro educativo se beneficiaron 200 ni\u00f1os, pues la pl\u00e1tica y actividades se impartieron en todos los grados, desde primero hasta sexto grado.<\/p>\n\n\n\n<p>El programa est\u00e1 dirigido a estudiantes de preescolar y primaria, a trav\u00e9s de juegos, material visual y ejercicios interactivos, los ni\u00f1os aprenden a identificar situaciones de riesgo, reconocer a los adultos confiables, como sus maestros, y utilizar la l\u00ednea de atenci\u00f3n del DIF cuando sientan que sus derechos han sido vulnerados.<\/p>\n\n\n\n<p>La psic\u00f3loga Dulce Yoana N\u00fa\u00f1ez Vega es la encargada de impartir las pl\u00e1ticas del programa, asegurando que los contenidos sean comprensibles y accesibles para los ni\u00f1os.<\/p>\n\n\n\n<p>Atendiendo las instrucciones de la Presidenta Municipal Susy Torrecillas, el DIF Lerdo supervisa y coordina la implementaci\u00f3n del programa, consolidando el compromiso institucional con la protecci\u00f3n integral y el bienestar de la infancia.<\/p>\n\n\n\n<p>Para cualquier reporte o atenci\u00f3n, los interesados pueden comunicarse al (871) 7 25 30 32 o acudir personalmente a las instalaciones del DIF Lerdo, ubicadas en Avenida Coronado, esquina con calle Morelos, en un horario de atenci\u00f3n de 8:00 a 16:00 horas, de lunes a viernes.<\/p>\n","protected":false},"excerpt":{"rendered":"<p>Lerdo, 12 de septiembre 2025.- Ante el regreso a clases y por indicaci\u00f3n de la Presidenta Municipal Susy Carolina Torrecillas Salazar, el Sistema para el Desarrollo Integral de la Familia (DIF) en Lerdo, puso en marcha el programa \u201cCu\u00eddame\u201d esta semana, dando arranque en la Escuela Primaria General Francisco Villa, ubicada en la colonia Las [&hellip;]<\/p>\n","protected":false},"author":1,"featured_media":25073,"comment_status":"open","ping_status":"open","sticky":false,"template":"","format":"standard","meta":{"_monsterinsights_skip_tracking":false,"_monsterinsights_sitenote_active":false,"_monsterinsights_sitenote_note":"","_monsterinsights_sitenote_category":0,"footnotes":""},"categories":[1],"tags":[],"_links":{"self":[{"href":"https:\/\/zonalimitrofe-cbnr.com\/index.php\/wp-json\/wp\/v2\/posts\/25072"}],"collection":[{"href":"https:\/\/zonalimitrofe-cbnr.com\/index.php\/wp-json\/wp\/v2\/posts"}],"about":[{"href":"https:\/\/zonalimitrofe-cbnr.com\/index.php\/wp-json\/wp\/v2\/types\/post"}],"author":[{"embeddable":true,"href":"https:\/\/zonalimitrofe-cbnr.com\/index.php\/wp-json\/wp\/v2\/users\/1"}],"replies":[{"embeddable":true,"href":"https:\/\/zonalimitrofe-cbnr.com\/index.php\/wp-json\/wp\/v2\/comments?post=25072"}],"version-history":[{"count":1,"href":"https:\/\/zonalimitrofe-cbnr.com\/index.php\/wp-json\/wp\/v2\/posts\/25072\/revisions"}],"predecessor-version":[{"id":25074,"href":"https:\/\/zonalimitrofe-cbnr.com\/index.php\/wp-json\/wp\/v2\/posts\/25072\/revisions\/25074"}],"wp:featuredmedia":[{"embeddable":true,"href":"https:\/\/zonalimitrofe-cbnr.com\/index.php\/wp-json\/wp\/v2\/media\/25073"}],"wp:attachment":[{"href":"https:\/\/zonalimitrofe-cbnr.com\/index.php\/wp-json\/wp\/v2\/media?parent=25072"}],"wp:term":[{"taxonomy":"category","embeddable":true,"href":"https:\/\/zonalimitrofe-cbnr.com\/index.php\/wp-json\/wp\/v2\/categories?post=25072"},{"taxonomy":"post_tag","embeddable":true,"href":"https:\/\/zonalimitrofe-cbnr.com\/index.php\/wp-json\/wp\/v2\/tags?post=25072"}],"curies":[{"name":"wp","href":"https:\/\/api.w.org\/{rel}","templated":true}]}}