{"id":25069,"date":"2025-09-12T16:19:26","date_gmt":"2025-09-12T22:19:26","guid":{"rendered":"https:\/\/zonalimitrofe-cbnr.com\/?p=25069"},"modified":"2025-09-12T16:19:26","modified_gmt":"2025-09-12T22:19:26","slug":"uadec-firma-convenio-facultad-de-economia-de-la-uadec-con-el-colegio-de-economistas-de-coahuila-a-c","status":"publish","type":"post","link":"https:\/\/zonalimitrofe-cbnr.com\/index.php\/2025\/09\/12\/uadec-firma-convenio-facultad-de-economia-de-la-uadec-con-el-colegio-de-economistas-de-coahuila-a-c\/","title":{"rendered":"#UAdeC. Firma Convenio Facultad de Econom\u00eda de la UAdeC con el Colegio de Economistas de Coahuila A.C."},"content":{"rendered":"\n<p>SALTILLO, Coahuila. 12 de septiembre de 2025. Para fortalecer la vinculaci\u00f3n acad\u00e9mica, profesional y social, la Facultad de Econom\u00eda de la Universidad Aut\u00f3noma de Coahuila suscribi\u00f3 un convenio de colaboraci\u00f3n con el Colegio de Economistas de Coahuila A.C.<\/p>\n\n\n\n<p>El acuerdo tiene como objetivo formalizar las acciones conjuntas que se realizan entre ambas instituciones, de las que se derivar\u00e1n actividades acad\u00e9micas, de investigaci\u00f3n, de formaci\u00f3n profesional, as\u00ed como la creaci\u00f3n de un cap\u00edtulo estudiantil que permitir\u00e1 integrar a los universitarios en proyectos y din\u00e1micas del gremio.<\/p>\n\n\n\n<p>Signaron el documento el rector de la m\u00e1xima casa de estudios, Octavio Pimentel Mart\u00ednez, el director del plantel, Jonathan Flores P\u00e9rez y el presidente del Colegio de Economistas de Coahuila, Javier Gonz\u00e1lez Alc\u00e1zar.<\/p>\n\n\n\n<p>Durante la explicaci\u00f3n t\u00e9cnica del convenio, la coordinadora de Vinculaci\u00f3n e Innovaci\u00f3n Productiva de la UAdeC, Karla Patricia Vald\u00e9s Garc\u00eda, destac\u00f3 que este convenio es resultado de un proyecto que se ha venido gestando desde tiempo atr\u00e1s, a partir de una reuni\u00f3n entre el Rector y el presidente del Organismo, con el prop\u00f3sito de generar sinergias en capacitaci\u00f3n, estudios t\u00e9cnicos y diversas actividades acad\u00e9micas y profesionales, por lo que la firma representa la oportunidad de concretar proyectos en beneficio de la Universidad, de la comunidad estudiantil y de la sociedad en general.<\/p>\n\n\n\n<p>Por su parte el director de la Facultad de Econom\u00eda, Jonathan Flores, agradeci\u00f3 el apoyo institucional del Rector y de la Coordinaci\u00f3n de Vinculaci\u00f3n, al destacar que la firma del convenio responde a la intenci\u00f3n de generar sinergias de investigaci\u00f3n colaborativa, de manera que el conocimiento econ\u00f3mico alcance a un p\u00fablico m\u00e1s amplio.<\/p>\n\n\n\n<p>Se\u00f1al\u00f3 que este proyecto se ha venido gestando desde hace varios meses y se ha intensificado recientemente, con actividades planificadas para beneficio de la universidad, del Colegio de Economistas y especialmente, de los estudiantes, promoviendo su formaci\u00f3n integral y fortaleciendo la vinculaci\u00f3n con organizaciones externas.<\/p>\n\n\n\n<p>En su intervenci\u00f3n el Rector, resalt\u00f3 la importancia del trabajo colaborativo entre la Universidad y el Colegio de Economistas, al se\u00f1alar que la preparaci\u00f3n de los j\u00f3venes debe enfocarse en formar \u201cactores de cambio\u201d capaces de contribuir al desarrollo de la sociedad.<\/p>\n\n\n\n<p>Asimismo, subray\u00f3 la necesidad de que la firma del convenio vaya m\u00e1s all\u00e1 de un acto simb\u00f3lico, generando resultados concretos como el establecimiento de un observatorio de pol\u00edticas p\u00fablicas y programas que integren a los estudiantes en actividades profesionales y de investigaci\u00f3n, por lo que reiter\u00f3 que este tipo de<\/p>\n\n\n\n<p>iniciativas contribuyen a que la Universidad participe activamente en la construcci\u00f3n soluciones de problemas locales y regionales.<\/p>\n\n\n\n<p>El presidente del Colegio de Economistas, Javier Gonz\u00e1lez, se\u00f1al\u00f3 que el acuerdo permitir\u00e1 poner a disposici\u00f3n de la universidad la experiencia de los economistas en distintos \u00e1mbitos, como la administraci\u00f3n p\u00fablica, la iniciativa privada y la investigaci\u00f3n, mediante cursos, talleres, diplomados, servicio social y pr\u00e1cticas profesionales para los estudiantes.<\/p>\n\n\n\n<p>Asimismo, enfatiz\u00f3 que el convenio abre la puerta a proyectos m\u00e1s ambiciosos, como la creaci\u00f3n de un Observatorio de Pol\u00edticas P\u00fablicas que involucre a la academia y a la sociedad civil, as\u00ed como la posibilidad de impulsar posgrados especializados en esta \u00e1rea.<\/p>\n","protected":false},"excerpt":{"rendered":"<p>SALTILLO, Coahuila. 12 de septiembre de 2025. Para fortalecer la vinculaci\u00f3n acad\u00e9mica, profesional y social, la Facultad de Econom\u00eda de la Universidad Aut\u00f3noma de Coahuila suscribi\u00f3 un convenio de colaboraci\u00f3n con el Colegio de Economistas de Coahuila A.C. El acuerdo tiene como objetivo formalizar las acciones conjuntas que se realizan entre ambas instituciones, de las [&hellip;]<\/p>\n","protected":false},"author":1,"featured_media":25070,"comment_status":"open","ping_status":"open","sticky":false,"template":"","format":"standard","meta":{"_monsterinsights_skip_tracking":false,"_monsterinsights_sitenote_active":false,"_monsterinsights_sitenote_note":"","_monsterinsights_sitenote_category":0,"footnotes":""},"categories":[1],"tags":[],"_links":{"self":[{"href":"https:\/\/zonalimitrofe-cbnr.com\/index.php\/wp-json\/wp\/v2\/posts\/25069"}],"collection":[{"href":"https:\/\/zonalimitrofe-cbnr.com\/index.php\/wp-json\/wp\/v2\/posts"}],"about":[{"href":"https:\/\/zonalimitrofe-cbnr.com\/index.php\/wp-json\/wp\/v2\/types\/post"}],"author":[{"embeddable":true,"href":"https:\/\/zonalimitrofe-cbnr.com\/index.php\/wp-json\/wp\/v2\/users\/1"}],"replies":[{"embeddable":true,"href":"https:\/\/zonalimitrofe-cbnr.com\/index.php\/wp-json\/wp\/v2\/comments?post=25069"}],"version-history":[{"count":1,"href":"https:\/\/zonalimitrofe-cbnr.com\/index.php\/wp-json\/wp\/v2\/posts\/25069\/revisions"}],"predecessor-version":[{"id":25071,"href":"https:\/\/zonalimitrofe-cbnr.com\/index.php\/wp-json\/wp\/v2\/posts\/25069\/revisions\/25071"}],"wp:featuredmedia":[{"embeddable":true,"href":"https:\/\/zonalimitrofe-cbnr.com\/index.php\/wp-json\/wp\/v2\/media\/25070"}],"wp:attachment":[{"href":"https:\/\/zonalimitrofe-cbnr.com\/index.php\/wp-json\/wp\/v2\/media?parent=25069"}],"wp:term":[{"taxonomy":"category","embeddable":true,"href":"https:\/\/zonalimitrofe-cbnr.com\/index.php\/wp-json\/wp\/v2\/categories?post=25069"},{"taxonomy":"post_tag","embeddable":true,"href":"https:\/\/zonalimitrofe-cbnr.com\/index.php\/wp-json\/wp\/v2\/tags?post=25069"}],"curies":[{"name":"wp","href":"https:\/\/api.w.org\/{rel}","templated":true}]}}