{"id":25057,"date":"2025-09-11T16:54:31","date_gmt":"2025-09-11T22:54:31","guid":{"rendered":"https:\/\/zonalimitrofe-cbnr.com\/?p=25057"},"modified":"2025-09-11T16:54:31","modified_gmt":"2025-09-11T22:54:31","slug":"durango-gobierno-de-esteban-abre-puertas-del-acertijo-para-jovenes-guias-de-las-exposiciones","status":"publish","type":"post","link":"https:\/\/zonalimitrofe-cbnr.com\/index.php\/2025\/09\/11\/durango-gobierno-de-esteban-abre-puertas-del-acertijo-para-jovenes-guias-de-las-exposiciones\/","title":{"rendered":"#Durango. Gobierno de Esteban abre puertas del Acertijo para j\u00f3venes gu\u00edas de las exposiciones*"},"content":{"rendered":"\n<ul>\n<li>La invitaci\u00f3n a ser gu\u00edas de las exposiciones permite a los j\u00f3venes liberar su servicio social y vivir una experiencia formativa, din\u00e1mica y divertida<\/li>\n<\/ul>\n\n\n\n<p>Comarca Lagunera.- El gobierno de Esteban Villegas Villarreal, a trav\u00e9s de Acertijo Museo Interactivo abre el espacio para que, estudiantes de preparatoria y universidad realicen su servicio social como gu\u00edas de las exposiciones en este recinto cultural y educativo, que les ofrece una experiencia formativa, din\u00e1mica y divertida.<br>As\u00ed lo inform\u00f3 el gerente de Acertijo Museo Interactivo, Aldo Reyes Valles, al destacar que, esta convocatoria representa una oportunidad \u00fanica para los j\u00f3venes de desarrollar habilidades sociales y acad\u00e9micas, al tiempo que cumplen con un requisito escolar en un ambiente de aprendizaje.<br>\u201cEn el Museo Acertijo buscamos que los j\u00f3venes vivan su servicio social de una manera distinta: aprendiendo, conviviendo y divirti\u00e9ndose mientras comparten con la comunidad. Queremos que descubran que este proceso tambi\u00e9n puede ser una experiencia enriquecedora y memorable\u201d, expres\u00f3 Reyes Valles.<br>Puntualiz\u00f3, que los requisitos son estar cursando preparatoria o universidad, elegir alguno de los turnos disponibles (ma\u00f1ana, tarde o fines de semana) y asistir al casting de selecci\u00f3n.<br>De igual manera, reconoci\u00f3 el respaldo del gobernador de Durango, Esteban Villegas Villarreal, por su inter\u00e9s en fortalecer los proyectos del Acertijo. \u201cGracias al apoyo del gobernador, hoy podemos ofrecer m\u00e1s y mejores actividades que colocan al museo como un referente educativo y cultural en la regi\u00f3n\u201d, subray\u00f3.<br>Puntualiz\u00f3 que, las jornadas de selecci\u00f3n se llevar\u00e1n a cabo el pr\u00f3ximo s\u00e1bado 20 y domingo 21 de septiembre, en punto de las 11:00 horas, en las instalaciones del Acertijo, en G\u00f3mez Palacio.<br>Finalmente, Aldo Reyes Valles invit\u00f3 a los estudiantes a participar: \u201cNo se trata solo de cumplir con un requisito acad\u00e9mico, sino de aprovechar una oportunidad para crecer, aprender y aportar. Los esperamos con su talento, energ\u00eda y creatividad para que juntos sigamos construyendo un Acertijo vivo y din\u00e1mico\u201d.<br>Los interesados en solicitar Informes y hacer el preregistro pueden realizarlo mediante el c\u00f3digo QR disponible en la convocatoria o al tel\u00e9fono 8711-06-98-96 con Mario Ibarra.<\/p>\n","protected":false},"excerpt":{"rendered":"<p>Comarca Lagunera.- El gobierno de Esteban Villegas Villarreal, a trav\u00e9s de Acertijo Museo Interactivo abre el espacio para que, estudiantes de preparatoria y universidad realicen su servicio social como gu\u00edas de las exposiciones en este recinto cultural y educativo, que les ofrece una experiencia formativa, din\u00e1mica y divertida.As\u00ed lo inform\u00f3 el gerente de Acertijo Museo [&hellip;]<\/p>\n","protected":false},"author":1,"featured_media":25058,"comment_status":"open","ping_status":"open","sticky":false,"template":"","format":"standard","meta":{"_monsterinsights_skip_tracking":false,"_monsterinsights_sitenote_active":false,"_monsterinsights_sitenote_note":"","_monsterinsights_sitenote_category":0,"footnotes":""},"categories":[1],"tags":[],"_links":{"self":[{"href":"https:\/\/zonalimitrofe-cbnr.com\/index.php\/wp-json\/wp\/v2\/posts\/25057"}],"collection":[{"href":"https:\/\/zonalimitrofe-cbnr.com\/index.php\/wp-json\/wp\/v2\/posts"}],"about":[{"href":"https:\/\/zonalimitrofe-cbnr.com\/index.php\/wp-json\/wp\/v2\/types\/post"}],"author":[{"embeddable":true,"href":"https:\/\/zonalimitrofe-cbnr.com\/index.php\/wp-json\/wp\/v2\/users\/1"}],"replies":[{"embeddable":true,"href":"https:\/\/zonalimitrofe-cbnr.com\/index.php\/wp-json\/wp\/v2\/comments?post=25057"}],"version-history":[{"count":1,"href":"https:\/\/zonalimitrofe-cbnr.com\/index.php\/wp-json\/wp\/v2\/posts\/25057\/revisions"}],"predecessor-version":[{"id":25059,"href":"https:\/\/zonalimitrofe-cbnr.com\/index.php\/wp-json\/wp\/v2\/posts\/25057\/revisions\/25059"}],"wp:featuredmedia":[{"embeddable":true,"href":"https:\/\/zonalimitrofe-cbnr.com\/index.php\/wp-json\/wp\/v2\/media\/25058"}],"wp:attachment":[{"href":"https:\/\/zonalimitrofe-cbnr.com\/index.php\/wp-json\/wp\/v2\/media?parent=25057"}],"wp:term":[{"taxonomy":"category","embeddable":true,"href":"https:\/\/zonalimitrofe-cbnr.com\/index.php\/wp-json\/wp\/v2\/categories?post=25057"},{"taxonomy":"post_tag","embeddable":true,"href":"https:\/\/zonalimitrofe-cbnr.com\/index.php\/wp-json\/wp\/v2\/tags?post=25057"}],"curies":[{"name":"wp","href":"https:\/\/api.w.org\/{rel}","templated":true}]}}