{"id":25045,"date":"2025-09-11T16:44:22","date_gmt":"2025-09-11T22:44:22","guid":{"rendered":"https:\/\/zonalimitrofe-cbnr.com\/?p=25045"},"modified":"2025-09-11T16:44:22","modified_gmt":"2025-09-11T22:44:22","slug":"durango-con-inversiones-historicas-y-programas-innovadores-esteban-villegas-impulsa-una-transformacion-educativa-en-durango","status":"publish","type":"post","link":"https:\/\/zonalimitrofe-cbnr.com\/index.php\/2025\/09\/11\/durango-con-inversiones-historicas-y-programas-innovadores-esteban-villegas-impulsa-una-transformacion-educativa-en-durango\/","title":{"rendered":"#Durango. Con inversiones hist\u00f3ricas y programas innovadores, Esteban Villegas impulsa una transformaci\u00f3n educativa en Durango*"},"content":{"rendered":"\n<p>\u2022 _Rectores, directores y maestros coinciden en que la educaci\u00f3n vive una etapa de transformaci\u00f3n en Durango._<\/p>\n\n\n\n<p>\u2022 _Infraestructura, programas y apoyos impactan de manera directa a miles de estudiantes en todo el estado._<\/p>\n\n\n\n<p>Integrantes del sector educativo coincidieron en que la administraci\u00f3n de Esteban Villegas Villarreal ha marcado un antes y un despu\u00e9s en la educaci\u00f3n de Durango, con inversiones hist\u00f3ricas en infraestructura, programas de mejora y apoyos que impactan directamente a miles de estudiantes.<\/p>\n\n\n\n<p>El rector de la Universidad Ju\u00e1rez del Estado de Durango (UJED), Juan Ram\u00f3n Garc\u00eda Rivera, expres\u00f3 el orgullo de la comunidad universitaria: \u201cMuy contentos como duranguenses, como universitario tener un gobernador universitario con estos logros. La Universidad Ju\u00e1rez del Estado de Durango se congratula en tener un gobernante egresado de nuestras filas\u201d.<\/p>\n\n\n\n<p>Por su parte, Mart\u00edn Gerardo Soriano Sari\u00f1ana, rector de la Universidad Aut\u00f3noma de Durango (UAD), destac\u00f3 la magnitud de la Presa Tunal II y la ampliaci\u00f3n de la oferta educativa: \u201cNo hay en Durango alguien que no quiera estudiar cualquier licenciatura que pueda cumplirse ese anhelo\u201d.<\/p>\n\n\n\n<p>Desde el \u00e1mbito de la educaci\u00f3n b\u00e1sica y media superior, Manuel \u00c1ngel Mart\u00ednez, director general del Sistema Estatal de Telesecundarias (SETEL), resalt\u00f3 las inversiones: \u201cHoy tenemos uniformes y \u00fatiles escolares, la inversi\u00f3n en infraestructura ha crecido enormemente, esperemos que vayamos por m\u00e1s y as\u00ed seguir apoyando a nuestros alumnos\u201d.<\/p>\n\n\n\n<p>La directora de la Escuela Normal \u201cCarlos A. Carrillo\u201d, Flor de F\u00e1tima S\u00e1nchez, valor\u00f3 la vinculaci\u00f3n entre educaci\u00f3n y empresas: \u201cSe me hace muy relevante que empataran lo que necesita la empresa con los sistemas educativos, van a salir alumnos muy destacados, preparados para que los empleos se queden aqu\u00ed en Durango\u201d.<\/p>\n\n\n\n<p>Docentes tambi\u00e9n se sumaron al reconocimiento, el catedr\u00e1tico Gregorio Soto Aguilar asegur\u00f3: \u201cLa inversi\u00f3n m\u00e1s grande para mi punto de vista ha sido en la educaci\u00f3n y siempre en la educaci\u00f3n de los futuros duranguenses\u201d. Mientras que David Ibarra, del Colegio de Estudios Cient\u00edficos y Tecnol\u00f3gicos del Estado de Durango (CECyTED), subray\u00f3: \u201cEn este a\u00f1o hemos sentido m\u00e1s el apoyo hacia las instituciones, estamos muy orgullosos de su trabajo\u201d.<\/p>\n\n\n\n<p>Finalmente, Miguel \u00c1ngel Estrada G\u00f3mez, coordinador de Instituciones Formadoras de Docentes, refrend\u00f3 el apoyo del magisterio: \u201cHa sido un gobierno muy cercano a la gente, que sigan haciendo ese trabajo con todo el coraz\u00f3n\u201d.<\/p>\n","protected":false},"excerpt":{"rendered":"<p>\u2022 _Rectores, directores y maestros coinciden en que la educaci\u00f3n vive una etapa de transformaci\u00f3n en Durango._ \u2022 _Infraestructura, programas y apoyos impactan de manera directa a miles de estudiantes en todo el estado._ Integrantes del sector educativo coincidieron en que la administraci\u00f3n de Esteban Villegas Villarreal ha marcado un antes y un despu\u00e9s en [&hellip;]<\/p>\n","protected":false},"author":1,"featured_media":25046,"comment_status":"open","ping_status":"open","sticky":false,"template":"","format":"standard","meta":{"_monsterinsights_skip_tracking":false,"_monsterinsights_sitenote_active":false,"_monsterinsights_sitenote_note":"","_monsterinsights_sitenote_category":0,"footnotes":""},"categories":[1],"tags":[],"_links":{"self":[{"href":"https:\/\/zonalimitrofe-cbnr.com\/index.php\/wp-json\/wp\/v2\/posts\/25045"}],"collection":[{"href":"https:\/\/zonalimitrofe-cbnr.com\/index.php\/wp-json\/wp\/v2\/posts"}],"about":[{"href":"https:\/\/zonalimitrofe-cbnr.com\/index.php\/wp-json\/wp\/v2\/types\/post"}],"author":[{"embeddable":true,"href":"https:\/\/zonalimitrofe-cbnr.com\/index.php\/wp-json\/wp\/v2\/users\/1"}],"replies":[{"embeddable":true,"href":"https:\/\/zonalimitrofe-cbnr.com\/index.php\/wp-json\/wp\/v2\/comments?post=25045"}],"version-history":[{"count":1,"href":"https:\/\/zonalimitrofe-cbnr.com\/index.php\/wp-json\/wp\/v2\/posts\/25045\/revisions"}],"predecessor-version":[{"id":25047,"href":"https:\/\/zonalimitrofe-cbnr.com\/index.php\/wp-json\/wp\/v2\/posts\/25045\/revisions\/25047"}],"wp:featuredmedia":[{"embeddable":true,"href":"https:\/\/zonalimitrofe-cbnr.com\/index.php\/wp-json\/wp\/v2\/media\/25046"}],"wp:attachment":[{"href":"https:\/\/zonalimitrofe-cbnr.com\/index.php\/wp-json\/wp\/v2\/media?parent=25045"}],"wp:term":[{"taxonomy":"category","embeddable":true,"href":"https:\/\/zonalimitrofe-cbnr.com\/index.php\/wp-json\/wp\/v2\/categories?post=25045"},{"taxonomy":"post_tag","embeddable":true,"href":"https:\/\/zonalimitrofe-cbnr.com\/index.php\/wp-json\/wp\/v2\/tags?post=25045"}],"curies":[{"name":"wp","href":"https:\/\/api.w.org\/{rel}","templated":true}]}}