{"id":25042,"date":"2025-09-11T16:42:25","date_gmt":"2025-09-11T22:42:25","guid":{"rendered":"https:\/\/zonalimitrofe-cbnr.com\/?p=25042"},"modified":"2025-09-11T16:42:26","modified_gmt":"2025-09-11T22:42:26","slug":"lerdo-instruye-susy-torrecillas-atender-villas-por-festejos-patrios-con-brigadas-de-servicios-publicos","status":"publish","type":"post","link":"https:\/\/zonalimitrofe-cbnr.com\/index.php\/2025\/09\/11\/lerdo-instruye-susy-torrecillas-atender-villas-por-festejos-patrios-con-brigadas-de-servicios-publicos\/","title":{"rendered":"#Lerdo. INSTRUYE SUSY TORRECILLAS ATENDER VILLAS POR FESTEJOS PATRIOS CON BRIGADAS DE SERVICIOS P\u00daBLICOS*"},"content":{"rendered":"\n<p>Lerdo, 11 de septiembre 2025.- Por instrucciones precisas de la Presidenta Municipal, Susy Carolina Torrecillas Salazar, las diferentes \u00e1reas de la Direcci\u00f3n de Servicios P\u00fablicos han llevado a cabo la atenci\u00f3n a las villas del municipio, como parte de los preparativos para los festejos patrios en cada localidad.<\/p>\n\n\n\n<p>Jorge Alberto Silva, director de Servicios P\u00fablicos en Lerdo, mencion\u00f3 que con el objetivo de mejorar los diferentes espacios p\u00fablicos, las \u00e1reas de Alumbrado, Parques y Jardines, se han trasladado a las villas de Nazareno, Ciudad Ju\u00e1rez, Le\u00f3n Guzm\u00e1n, Juan E. Garc\u00eda y La Loma, donde se afinan los \u00faltimos detalles con labores de limpieza y mantenimiento.<\/p>\n\n\n\n<p>Cabe se\u00f1alar que la presidenta municipal, Susy Torrecillas Salazar, dio a conocer que se desarrollar\u00e1n diferentes actividades en las cinco villas del municipio, con motivo del tradicional grito de independencia que realizar\u00e1n los Presidentes de Villa el pr\u00f3ximo 15 de septiembre, en un ambiente familiar y de convivencia comunitaria.<\/p>\n\n\n\n<p>Las brigadas municipales trabajan de manera intensa en acciones de limpieza y mejoras en el alumbrado p\u00fablico, con el prop\u00f3sito de garantizar espacios dignos y seguros para la ciudadan\u00eda que acudir\u00e1 a disfrutar de los eventos alusivos a las fiestas patrias.<\/p>\n\n\n\n<p>Con estas acciones, el Gobierno Municipal de Lerdo refrenda su compromiso de mantener las comunidades en \u00f3ptimas condiciones y brindar a los habitantes entornos limpios, iluminados y seguros durante las celebraciones, fomentando al mismo tiempo el sentido de identidad y orgullo mexicano.<\/p>\n","protected":false},"excerpt":{"rendered":"<p>Lerdo, 11 de septiembre 2025.- Por instrucciones precisas de la Presidenta Municipal, Susy Carolina Torrecillas Salazar, las diferentes \u00e1reas de la Direcci\u00f3n de Servicios P\u00fablicos han llevado a cabo la atenci\u00f3n a las villas del municipio, como parte de los preparativos para los festejos patrios en cada localidad. Jorge Alberto Silva, director de Servicios P\u00fablicos [&hellip;]<\/p>\n","protected":false},"author":1,"featured_media":25043,"comment_status":"open","ping_status":"open","sticky":false,"template":"","format":"standard","meta":{"_monsterinsights_skip_tracking":false,"_monsterinsights_sitenote_active":false,"_monsterinsights_sitenote_note":"","_monsterinsights_sitenote_category":0,"footnotes":""},"categories":[1],"tags":[],"_links":{"self":[{"href":"https:\/\/zonalimitrofe-cbnr.com\/index.php\/wp-json\/wp\/v2\/posts\/25042"}],"collection":[{"href":"https:\/\/zonalimitrofe-cbnr.com\/index.php\/wp-json\/wp\/v2\/posts"}],"about":[{"href":"https:\/\/zonalimitrofe-cbnr.com\/index.php\/wp-json\/wp\/v2\/types\/post"}],"author":[{"embeddable":true,"href":"https:\/\/zonalimitrofe-cbnr.com\/index.php\/wp-json\/wp\/v2\/users\/1"}],"replies":[{"embeddable":true,"href":"https:\/\/zonalimitrofe-cbnr.com\/index.php\/wp-json\/wp\/v2\/comments?post=25042"}],"version-history":[{"count":1,"href":"https:\/\/zonalimitrofe-cbnr.com\/index.php\/wp-json\/wp\/v2\/posts\/25042\/revisions"}],"predecessor-version":[{"id":25044,"href":"https:\/\/zonalimitrofe-cbnr.com\/index.php\/wp-json\/wp\/v2\/posts\/25042\/revisions\/25044"}],"wp:featuredmedia":[{"embeddable":true,"href":"https:\/\/zonalimitrofe-cbnr.com\/index.php\/wp-json\/wp\/v2\/media\/25043"}],"wp:attachment":[{"href":"https:\/\/zonalimitrofe-cbnr.com\/index.php\/wp-json\/wp\/v2\/media?parent=25042"}],"wp:term":[{"taxonomy":"category","embeddable":true,"href":"https:\/\/zonalimitrofe-cbnr.com\/index.php\/wp-json\/wp\/v2\/categories?post=25042"},{"taxonomy":"post_tag","embeddable":true,"href":"https:\/\/zonalimitrofe-cbnr.com\/index.php\/wp-json\/wp\/v2\/tags?post=25042"}],"curies":[{"name":"wp","href":"https:\/\/api.w.org\/{rel}","templated":true}]}}