{"id":25036,"date":"2025-09-11T16:28:11","date_gmt":"2025-09-11T22:28:11","guid":{"rendered":"https:\/\/zonalimitrofe-cbnr.com\/?p=25036"},"modified":"2025-09-11T16:28:11","modified_gmt":"2025-09-11T22:28:11","slug":"gobierno-de-esteban-fortalece-el-empoderamiento-de-las-mujeres-laguneras","status":"publish","type":"post","link":"https:\/\/zonalimitrofe-cbnr.com\/index.php\/2025\/09\/11\/gobierno-de-esteban-fortalece-el-empoderamiento-de-las-mujeres-laguneras\/","title":{"rendered":"Gobierno de Esteban fortalece el empoderamiento de las mujeres laguneras*"},"content":{"rendered":"\n<p>\u2022 IEM imparte talleres ocupacionales que den herramientas a las mujeres laguneras<\/p>\n\n\n\n<p>Comarca Lagunera., El Gobierno de Esteban Villegas Villarreal, a trav\u00e9s del Instituto Estatal de la Mujer (IEM), promueve talleres ocupacionales que otorguen los conocimientos y herramientas necesarias a aquellas mujeres que viven en situaci\u00f3n de violencia, con el prop\u00f3sito de empoderarlas y que puedan salir adelante con el acompa\u00f1amiento y la asesor\u00eda de especialistas.<br>Al respecto, Reyna Isabel Casta\u00f1eda Duarte, coordinadora del IEM en la Laguna inform\u00f3 que, en esta ocasi\u00f3n se llev\u00f3 a cabo el curso de \u201cPlanchado permanente de Cabello\u201d en las instalaciones del Centro Atenci\u00f3n a Madres Adolescentes y Ni\u00f1as (casa AMAN) de Ciudad Lerdo, Durango.<br>En su mensaje de bienvenida a las participantes, destac\u00f3 que: \u201cEl objetivo es que ustedes puedan aprender nuevas habilidades que les permita generar alg\u00fan recurso econ\u00f3mico y emprendan un negocio propio para salir adelante. Lo que buscamos es darles un acompa\u00f1amiento integral como son estos talleres, asesor\u00edas legales, atenci\u00f3n psicol\u00f3gica; que sepan que no est\u00e1n solas frente al mundo\u201d subray\u00f3.<br>Acompa\u00f1\u00f3 al IEM en este arranque del taller, Anabel Villegas Morales, coordinadora del Programa Esmeralda de la Secretar\u00eda de Seguridad P\u00fablica en el Estado (SSP) en La Laguna, quien record\u00f3 a las participantes que el gobierno de Esteban dispone de esta red de apoyo para las mujeres, con un servicio las 24 horas del d\u00eda. Es a trav\u00e9s del n\u00famero telef\u00f3nico 911 donde pueden acceder al enfrentar situaciones violentas.<br>Por su parte, Reyna Isabel Casta\u00f1eda Duarte, coment\u00f3 que, en coordinaci\u00f3n con el Gobierno de M\u00e9xico y la Secretar\u00eda de las Mujeres, se tiene a disposici\u00f3n de las duranguenses la l\u00ednea de las mujeres 079 opci\u00f3n 1 para su atenci\u00f3n.<br>Precis\u00f3 que, estos talleres de empoderamiento forman parte del PAIBIM (Programa de Atenci\u00f3n Integral para Bienestar de las Mujeres) el cual busca fortalecer las instancias o centros que brindan atenci\u00f3n a mujeres en situaci\u00f3n de violencia.<br>Finalmente, la coordinadora del IEM en La Laguna agreg\u00f3 que, en lo que va del a\u00f1o 2025 se han impartido talleres de empoderamiento como elaboraci\u00f3n de accesorios mexicanos (mo\u00f1os y collares) y el de esta semana sobre el Planchado Permanente del Cabello, a cargo de Wendy Rub\u00ed Mart\u00ednez Rivera.<\/p>\n","protected":false},"excerpt":{"rendered":"<p>\u2022 IEM imparte talleres ocupacionales que den herramientas a las mujeres laguneras Comarca Lagunera., El Gobierno de Esteban Villegas Villarreal, a trav\u00e9s del Instituto Estatal de la Mujer (IEM), promueve talleres ocupacionales que otorguen los conocimientos y herramientas necesarias a aquellas mujeres que viven en situaci\u00f3n de violencia, con el prop\u00f3sito de empoderarlas y que [&hellip;]<\/p>\n","protected":false},"author":1,"featured_media":25037,"comment_status":"open","ping_status":"open","sticky":false,"template":"","format":"standard","meta":{"_monsterinsights_skip_tracking":false,"_monsterinsights_sitenote_active":false,"_monsterinsights_sitenote_note":"","_monsterinsights_sitenote_category":0,"footnotes":""},"categories":[1],"tags":[],"_links":{"self":[{"href":"https:\/\/zonalimitrofe-cbnr.com\/index.php\/wp-json\/wp\/v2\/posts\/25036"}],"collection":[{"href":"https:\/\/zonalimitrofe-cbnr.com\/index.php\/wp-json\/wp\/v2\/posts"}],"about":[{"href":"https:\/\/zonalimitrofe-cbnr.com\/index.php\/wp-json\/wp\/v2\/types\/post"}],"author":[{"embeddable":true,"href":"https:\/\/zonalimitrofe-cbnr.com\/index.php\/wp-json\/wp\/v2\/users\/1"}],"replies":[{"embeddable":true,"href":"https:\/\/zonalimitrofe-cbnr.com\/index.php\/wp-json\/wp\/v2\/comments?post=25036"}],"version-history":[{"count":1,"href":"https:\/\/zonalimitrofe-cbnr.com\/index.php\/wp-json\/wp\/v2\/posts\/25036\/revisions"}],"predecessor-version":[{"id":25038,"href":"https:\/\/zonalimitrofe-cbnr.com\/index.php\/wp-json\/wp\/v2\/posts\/25036\/revisions\/25038"}],"wp:featuredmedia":[{"embeddable":true,"href":"https:\/\/zonalimitrofe-cbnr.com\/index.php\/wp-json\/wp\/v2\/media\/25037"}],"wp:attachment":[{"href":"https:\/\/zonalimitrofe-cbnr.com\/index.php\/wp-json\/wp\/v2\/media?parent=25036"}],"wp:term":[{"taxonomy":"category","embeddable":true,"href":"https:\/\/zonalimitrofe-cbnr.com\/index.php\/wp-json\/wp\/v2\/categories?post=25036"},{"taxonomy":"post_tag","embeddable":true,"href":"https:\/\/zonalimitrofe-cbnr.com\/index.php\/wp-json\/wp\/v2\/tags?post=25036"}],"curies":[{"name":"wp","href":"https:\/\/api.w.org\/{rel}","templated":true}]}}