{"id":25030,"date":"2025-09-11T16:20:42","date_gmt":"2025-09-11T22:20:42","guid":{"rendered":"https:\/\/zonalimitrofe-cbnr.com\/?p=25030"},"modified":"2025-09-11T16:20:42","modified_gmt":"2025-09-11T22:20:42","slug":"lerdo-aprueba-cabildo-de-lerdo-programas-de-subsidios-en-predial-licencias-de-funcionamiento-y-pago-de-agua","status":"publish","type":"post","link":"https:\/\/zonalimitrofe-cbnr.com\/index.php\/2025\/09\/11\/lerdo-aprueba-cabildo-de-lerdo-programas-de-subsidios-en-predial-licencias-de-funcionamiento-y-pago-de-agua\/","title":{"rendered":"#Lerdo. APRUEBA CABILDO DE LERDO PROGRAMAS DE SUBSIDIOS EN PREDIAL, LICENCIAS DE FUNCIONAMIENTO Y PAGO DE AGUA*"},"content":{"rendered":"\n<p>Lerdo, 11 de septiembre 2025.- Este jueves en la Sesi\u00f3n Ordinaria De Cabildo n\u00famero 2, en el lobby del Teatro Hermila Galindo, se vot\u00f3 a favor de otorgar importantes subsidios en impuesto predial, licencias de funcionamiento y pagos de agua potable, en apoyo a la ciudadan\u00eda de Lerdo. Todas, propuestas presentadas por la Presidenta Municipal Susy Carolina Torrecillas Salazar. Estos programas estar\u00e1n vigentes del jueves 11 de septiembre al viernes 17 de octubre del presente a\u00f1o.<\/p>\n\n\n\n<p>&#8220;Borr\u00f3n y Cuenta Nueva, \u00a1Compromiso Cumplido!&#8221; la Presidenta Municipal Susy Torrecillas agradeci\u00f3 en Asuntos Generales a la S\u00edndico Municipal y regidores por su apoyo incondicional y el compromiso con las familias Lerdenses. \u201cEs un proyecto que ayuda a las familias lerdenses, a los comerciantes, a los empresarios. Agradezco una vez m\u00e1s que este Ayuntamiento sea y act\u00fae de una manera muy responsable. Realmente hoy, veo que representamos a todos los ciudadanos\u201d<\/p>\n\n\n\n<p>El \u00d3rgano Colegiado aprob\u00f3 por unanimidad, otorgar un subsidio al 100% en multas, recargos y rezagos del impuesto predial de cualquier ejercicio del a\u00f1o 2024 hacia atr\u00e1s, para aquellas personas que paguen lo que concierna a dicho impuesto, pagando el ejercicio del a\u00f1o 2025 en su totalidad. Asimismo, para aquellos que solamente deban el ejercicio 2025, se les otorgar\u00e1 un subsidio del 75% en el pago de dicho impuesto.<\/p>\n\n\n\n<p>Tambi\u00e9n, se otorgar\u00e1 un subsidio del 75% en licencias de funcionamiento nuevas para el ejercicio 2025, as\u00ed como en sus respectivos dict\u00e1menes, y un subsidio del 100% en multas, recargos y rezagos correspondientes a las licencias de funcionamiento ya empadronadas que tengan adeudos de cualquier ejercicio del a\u00f1o 2024 hacia atr\u00e1s; para ello deber\u00e1n de cubrir el a\u00f1o completo a lo correspondiente a la licencia del ejercicio 2025, en todos los casos, el beneficio se aplicar\u00e1 \u00fanicamente a aquellos que paguen los conceptos se\u00f1alados dentro del periodo antes mencionado (del 11 de septiembre al 17 de octubre).<\/p>\n\n\n\n<p>Asimismo, se ratificaron los acuerdos del Consejo De Administraci\u00f3n Del Sistema De Agua Potable y Alcantarillado Del Municipio De Lerdo, Durango, otorgando un subsidio del 20% en el cobro de los servicios de facturaci\u00f3n mensual a aquellos usuarios de uso dom\u00e9stico, que al d\u00eda 10 de septiembre del a\u00f1o 2025 se encuentren libres de adeudos con el sistema y lleven 6 facturaciones seguidas pagando a tiempo o antes del vencimiento de las mismas, beneficio que se mantendr\u00e1 vigente siempre y cuando el usuario permanezca cubriendo sus facturaciones en tiempo y forma. En caso de retraso se cancelar\u00e1 el subsidio de manera definitiva.<\/p>\n\n\n\n<p>Y respecto al programa &#8220;Borr\u00f3n Y Cuenta Nueva 2025&#8221;, consistente en otorgar un subsidio del 100% en multas, recargos y rezagos a los usuarios de uso dom\u00e9stico, comercial e industrial que tengan adeudos en el a\u00f1o 2025 o anteriores, este beneficio solo podr\u00e1 aplicarse a quienes paguen la facturaci\u00f3n correspondiente al mes en que realicen el pago, siempre y cuando este se efect\u00fae dentro del periodo comprendido del 17 de septiembre al 17 de octubre del a\u00f1o 2025. De lo anterior se except\u00faan las cuentas que tengan convenio o que se encuentren en litigio.<\/p>\n\n\n\n<p>En Asuntos Generales, los regidores celebraron este tipo de iniciativas en apoyo a la econom\u00eda de las familias lerdenses.<\/p>\n\n\n\n<p>Otro tema que se abord\u00f3 en este punto del orden del d\u00eda fue el cuidado de la salud mental, ya que el pasado mi\u00e9rcoles 10 de septiembre fue D\u00eda Mundial para la Prevenci\u00f3n del Suicidio. La Alcaldesa de Lerdo Susy Carolina Torrecillas Salazar instruy\u00f3 a su equipo de trabajo y las \u00e1reas correspondientes para hacer lo conducente en materia de promoci\u00f3n y cuidado de la salud.<\/p>\n\n\n\n<p>\u201cEn una primera instancia quiero instruir a directora de Atenci\u00f3n a la Juventud, Jaqueline Pinto, para que contin\u00fae desarrollando pol\u00edticas p\u00fablicas en conjunto con los regidores que se quieran sumar a este proyecto\u201d comparti\u00f3 SCTS.<\/p>\n\n\n\n<p>Y continu\u00f3 \u201cMe gustar\u00eda que formara una mesa de trabajo en donde todas las \u00e1reas de psicolog\u00eda del DIF Municipal, Instituto de la Mujer, Instituto del Adulto Mayor, Instituto de Discapacidad, del Deporte y todas las ramas de asistencia social puedan estar involucradas\u201d<\/p>\n\n\n\n<p>De igual manera, exhort\u00f3, a las \u00e1reas del SAPAL a continuar realizando sus labores con responsabilidad para garantizar el vital l\u00edquido en todos los hogares; al Instituto de Planeaci\u00f3n y COPLADEM para continuar desarrollando los programas de participaci\u00f3n ciudadana; y al Dr. Macedonio Ram\u00edrez, especialista en la materia Agraria, para iniciar los trabajos de un programa de certeza jur\u00eddica y patrimonial en beneficio de los lerdenses, haciendo lo correspondiente con todas las instituciones involucradas en la materia.<\/p>\n\n\n\n<p>Para finalizar, invit\u00f3 a la poblaci\u00f3n a participar en las festividades patrias que est\u00e1n pr\u00f3ximas en realizarse por el 215 Aniversario del inicio de la Independencia de M\u00e9xico.<\/p>\n","protected":false},"excerpt":{"rendered":"<p>Lerdo, 11 de septiembre 2025.- Este jueves en la Sesi\u00f3n Ordinaria De Cabildo n\u00famero 2, en el lobby del Teatro Hermila Galindo, se vot\u00f3 a favor de otorgar importantes subsidios en impuesto predial, licencias de funcionamiento y pagos de agua potable, en apoyo a la ciudadan\u00eda de Lerdo. Todas, propuestas presentadas por la Presidenta Municipal [&hellip;]<\/p>\n","protected":false},"author":1,"featured_media":25031,"comment_status":"open","ping_status":"open","sticky":false,"template":"","format":"standard","meta":{"_monsterinsights_skip_tracking":false,"_monsterinsights_sitenote_active":false,"_monsterinsights_sitenote_note":"","_monsterinsights_sitenote_category":0,"footnotes":""},"categories":[1],"tags":[],"_links":{"self":[{"href":"https:\/\/zonalimitrofe-cbnr.com\/index.php\/wp-json\/wp\/v2\/posts\/25030"}],"collection":[{"href":"https:\/\/zonalimitrofe-cbnr.com\/index.php\/wp-json\/wp\/v2\/posts"}],"about":[{"href":"https:\/\/zonalimitrofe-cbnr.com\/index.php\/wp-json\/wp\/v2\/types\/post"}],"author":[{"embeddable":true,"href":"https:\/\/zonalimitrofe-cbnr.com\/index.php\/wp-json\/wp\/v2\/users\/1"}],"replies":[{"embeddable":true,"href":"https:\/\/zonalimitrofe-cbnr.com\/index.php\/wp-json\/wp\/v2\/comments?post=25030"}],"version-history":[{"count":1,"href":"https:\/\/zonalimitrofe-cbnr.com\/index.php\/wp-json\/wp\/v2\/posts\/25030\/revisions"}],"predecessor-version":[{"id":25032,"href":"https:\/\/zonalimitrofe-cbnr.com\/index.php\/wp-json\/wp\/v2\/posts\/25030\/revisions\/25032"}],"wp:featuredmedia":[{"embeddable":true,"href":"https:\/\/zonalimitrofe-cbnr.com\/index.php\/wp-json\/wp\/v2\/media\/25031"}],"wp:attachment":[{"href":"https:\/\/zonalimitrofe-cbnr.com\/index.php\/wp-json\/wp\/v2\/media?parent=25030"}],"wp:term":[{"taxonomy":"category","embeddable":true,"href":"https:\/\/zonalimitrofe-cbnr.com\/index.php\/wp-json\/wp\/v2\/categories?post=25030"},{"taxonomy":"post_tag","embeddable":true,"href":"https:\/\/zonalimitrofe-cbnr.com\/index.php\/wp-json\/wp\/v2\/tags?post=25030"}],"curies":[{"name":"wp","href":"https:\/\/api.w.org\/{rel}","templated":true}]}}